{"id":17629,"date":"2015-11-02T20:05:10","date_gmt":"2015-11-02T19:05:10","guid":{"rendered":"https:\/\/blog.ilgiornale.it\/ruzzo\/?p=17629"},"modified":"2015-11-02T20:15:12","modified_gmt":"2015-11-02T19:15:12","slug":"un-record-per-i-bimbi-farfalla","status":"publish","type":"post","link":"https:\/\/blog.ilgiornale.it\/ruzzo\/2015\/11\/02\/un-record-per-i-bimbi-farfalla\/","title":{"rendered":"Un record per i bimbi farfalla"},"content":{"rendered":"<p><a href=\"https:\/\/blog.ilgiornale.it\/ruzzo\/files\/2015\/11\/Anna-2-ph_Chiara-Asoli-533x800.jpg\"><img loading=\"lazy\" class=\"alignright size-medium wp-image-17634\" src=\"https:\/\/blog.ilgiornale.it\/ruzzo\/files\/2015\/11\/Anna-2-ph_Chiara-Asoli-533x800-200x300.jpg\" alt=\"Anna Mei Record Mondiale 1000K\" width=\"200\" height=\"300\" srcset=\"https:\/\/blog.ilgiornale.it\/ruzzo\/files\/2015\/11\/Anna-2-ph_Chiara-Asoli-533x800-200x300.jpg 200w, https:\/\/blog.ilgiornale.it\/ruzzo\/files\/2015\/11\/Anna-2-ph_Chiara-Asoli-533x800.jpg 533w\" sizes=\"(max-width: 200px) 100vw, 200px\" \/><\/a>Quattromila giri di pista in\u00a0 35 ore, 11 minuti e 6 secondi sono mille chilometri. Precisi.\u00a0Sono il nuovo record\u00a0che finisce nel Guinness dei\u00a0primati. Ma sono soprattutto l&#8217;ennesimo atto di amore che <strong>Anna Mei<\/strong> dedica<span class=\"Apple-converted-space\">\u00a0<\/span>ai<strong> Bambini Farfalla, <\/strong>affetti da Epidermiolisi Bollosa, la rara malattia genetica della pelle per cui ancora non ci sono cure. La\u00a0campionessa milanese cresciuta in una famiglia di sportivi ( suo nonno Vincenzo fu uno dei primi maestri di tennis in Italia e capitano della squadra di Coppa Davis ne gli Anni Trenta)\u00a0e oggi \u00a0insegnante di \u00abmotoria\u00bb,\u00a0pedala da sempre per questo. Una missione la sua. E anche questa volta i mille chilometri in pista, sull&#8217; abete siberiano\u00a0di Montichiari a Brescia, lo stesso anello magico\u00a0dove un anno e mezzo fa aveva ritoccato il record\u00a0del mondo sulle 24 ore\u00a0 dell\u2019americana <strong>Seana Hogan,<\/strong> inanellando\u00a0 2955 giri e 738,851 chilometri, \u00a0servono a far parlare di questa malattia, a smuovere qualcosa. \u00a0Tutto in un giorno, come da Milano a Bari. Pi\u00f9 o meno. E ora ancora di pi\u00f9. Ha cominciato a pedalare sabato sera\u00a0ed ha finito\u00a0 stamattina quasi senza mai fermarsi, se non per mangiare, per tirar fiato ogni tanto e per risistemare la bici quando serviva. Millle chilometri\u00a0 a\u00a0 28,42 di media. Un&#8217;impresa che non servirebbe neppure spiegare. Ma va raccontata. Va sempre raccontato\u00a0ci\u00f2 che \u00a0fa <strong>Anna Mei<\/strong>. Per tanti motivi. Perch\u00e8 la sua \u00e8 una storia di volont\u00e0 e determinazione, di fatica, di sacrifici e di buoni motivi. \u00a0Uno su tutti.\u00a0 Con <strong>Debra S\u00fcdtirol Onlus<\/strong>, e con il\u00a0suo team\u00a0 <strong>Asd Sportnelcuore Cycling<\/strong>\u00a0 l&#8217;insegnante milanese \u00e8 da sempre al fianco dei Bambini Farfalla.\u00a0 Con le sue imprese fa s\u00ec che se ne parli ma raccoglie anche fondi. Li aveva raccolti anni fa correndo a Busto Garolfo per aiutare il piccolo Mattia e lo ha fatto tante altre volte ancora. Anche due giorni fa quando\u00a0durante il suo record,\u00a0 si \u00e8 svolta\u00a0una maratona di spinning realizzata con Fispal che \u00a0l&#8217;ha\u00a0ad arrivare in fondo\u00a0ma\u00a0ha permesso soprattutto di raccogliere soldi per le cure.\u00a0 Cosa si pensa mentre si pedala per un giorno e mezzo su una pista? \u00abNon pensa a nulla- mi aveva raccontato la Mei un anno e mezzo fa dopo il record del mondo- O almeno ci si prova. Ci si concentra su ci\u00f2 che si sta facendo cercando di tenere sgombra la mente da tutto ci\u00f2 che possa distrarti. In verit\u00e0 poi i pensieri girano e rigirano. E io mi\u00a0ritrovo spesso a recitare poesie, a ripetere strofa dopo strofa il 5 Maggio o alcuni pezzi della Divina Commedia. Ma\u00a0a volte prego. L\u2019Ave Maria mi aiuta a respirare e mi fa bene al cuore\u2026\u00bb<\/p>\n<div class=\"ratingblock \">\u00a0<\/div>\n","protected":false},"excerpt":{"rendered":"<p><p>Quattromila giri di pista in\u00a0 35 ore, 11 minuti e 6 secondi sono mille chilometri. Precisi.\u00a0Sono il nuovo record\u00a0che finisce nel Guinness dei\u00a0primati. Ma sono soprattutto l&#8217;ennesimo atto di amore che Anna Mei dedica\u00a0ai Bambini Farfalla, affetti da Epidermiolisi Bollosa, la rara malattia genetica della pelle per cui ancora non ci sono cure. La\u00a0campionessa milanese cresciuta in una famiglia di sportivi ( suo nonno Vincenzo fu uno dei primi maestri di tennis in Italia e capitano della squadra di Coppa Davis ne gli Anni Trenta)\u00a0e oggi \u00a0insegnante di \u00abmotoria\u00bb,\u00a0pedala da sempre per questo. Una missione la sua. E anche questa [&hellip;]<\/p>\n&nbsp;&nbsp;<div class=\"readmore\"><a href=\"https:\/\/blog.ilgiornale.it\/ruzzo\/2015\/11\/02\/un-record-per-i-bimbi-farfalla\/\">Continua a leggere...<\/a><\/div><\/p>","protected":false},"author":956,"featured_media":0,"comment_status":"open","ping_status":"closed","sticky":false,"template":"","format":"standard","meta":[],"categories":[1],"tags":[6047,80786,80787,80788],"_links":{"self":[{"href":"https:\/\/blog.ilgiornale.it\/ruzzo\/wp-json\/wp\/v2\/posts\/17629"}],"collection":[{"href":"https:\/\/blog.ilgiornale.it\/ruzzo\/wp-json\/wp\/v2\/posts"}],"about":[{"href":"https:\/\/blog.ilgiornale.it\/ruzzo\/wp-json\/wp\/v2\/types\/post"}],"author":[{"embeddable":true,"href":"https:\/\/blog.ilgiornale.it\/ruzzo\/wp-json\/wp\/v2\/users\/956"}],"replies":[{"embeddable":true,"href":"https:\/\/blog.ilgiornale.it\/ruzzo\/wp-json\/wp\/v2\/comments?post=17629"}],"version-history":[{"count":6,"href":"https:\/\/blog.ilgiornale.it\/ruzzo\/wp-json\/wp\/v2\/posts\/17629\/revisions"}],"predecessor-version":[{"id":17641,"href":"https:\/\/blog.ilgiornale.it\/ruzzo\/wp-json\/wp\/v2\/posts\/17629\/revisions\/17641"}],"wp:attachment":[{"href":"https:\/\/blog.ilgiornale.it\/ruzzo\/wp-json\/wp\/v2\/media?parent=17629"}],"wp:term":[{"taxonomy":"category","embeddable":true,"href":"https:\/\/blog.ilgiornale.it\/ruzzo\/wp-json\/wp\/v2\/categories?post=17629"},{"taxonomy":"post_tag","embeddable":true,"href":"https:\/\/blog.ilgiornale.it\/ruzzo\/wp-json\/wp\/v2\/tags?post=17629"}],"curies":[{"name":"wp","href":"https:\/\/api.w.org\/{rel}","templated":true}]}}