{"id":17631,"date":"2015-11-03T18:31:38","date_gmt":"2015-11-03T17:31:38","guid":{"rendered":"https:\/\/blog.ilgiornale.it\/ruzzo\/?p=17631"},"modified":"2015-11-03T18:31:38","modified_gmt":"2015-11-03T17:31:38","slug":"lafrica-corre-e-cerca-un-posto-nel-mondo","status":"publish","type":"post","link":"https:\/\/blog.ilgiornale.it\/ruzzo\/2015\/11\/03\/lafrica-corre-e-cerca-un-posto-nel-mondo\/","title":{"rendered":"L&#8217;Africa corre e cerca un posto nel mondo"},"content":{"rendered":"<p><a href=\"https:\/\/blog.ilgiornale.it\/ruzzo\/files\/2015\/11\/africa.jpg\"><img loading=\"lazy\" class=\"alignleft size-medium wp-image-17632\" src=\"https:\/\/blog.ilgiornale.it\/ruzzo\/files\/2015\/11\/africa-300x169.jpg\" alt=\"africa\" width=\"300\" height=\"169\" srcset=\"https:\/\/blog.ilgiornale.it\/ruzzo\/files\/2015\/11\/africa-300x169.jpg 300w, https:\/\/blog.ilgiornale.it\/ruzzo\/files\/2015\/11\/africa.jpg 960w\" sizes=\"(max-width: 300px) 100vw, 300px\" \/><\/a>Un posto nel mondo pu\u00f2 essere ovunque ma quando il filo conduttore \u00e8 quello della corsa, l\u2019Africa diventa il posto dove spesso tutto comincia. Un posto \u00abobbligato\u00bb. E da l\u00ec si parte per raccontare storie di corsa che per\u00f2 sono ovviamente anche molto altro, molto di pi\u00f9. Sono tre gli appuntamenti per gli amanti del running, ma per chiunque abbia la voglia di appassionarsi, da non perdere all\u2019interno della rassegna varesina \u00abUn posto nel mondo\u00bb che propone tre film-documentari per approfondire il contesto della corsa in Africa e non solo. Il diverso approccio culturale, le motivazioni, gli aspetti tecnici, il suo impatto sociale e il suo valore di riscatto faranno da corollario alle immagini e ai racconti. Una rassegna che \u00e8 un po\u2019 la continuazione di qell\u2019\u00abOttobre Africano\u00bb che l\u2019ha preceduta e che \u00e8 stata realizzata in collaborazione con l\u2019Atletica Gavirate, l\u2019Atletica Tradate e Africa&amp;Sport, la onlus varesina che, proprio attraverso lo sport, si impegna ormai da anni a sensibilizzare, coinvolgere e sostenere concretamente progetti di inclusione sociale in Africa, Etiopia, Kenya ed Uganda. Si parte dagli altopiani del Kenya per passare a quelli dell\u2019Etiopia ed arrivare infine anche in Italia. Si parte da Geoffrey Kipsang Kamworor, proprio domenica secondo alla New York City Marathon ma grande interprete a livello mondiale delle corse campestri e di quelli in pista. La sua vita e la sua storia sono al centro del film documentario \u00abThe Unknown Runner\u00bb in programma gioved\u00ec 5 novembre a Varese alle ore 20,45 nella Sala Conferenze \u00abGraneroPorati\u00bb dell\u2019 Universit\u00e0 degli Studi dell\u2019Insubria, in via Dunant 3. Al termine della proiezione seguir\u00e0 un dibattito ed un approfondimento tecnico con il professor Silvano Danzi, tecnico del Comitato Regionale della Fidal. Poi si continuer\u00e0 Tradate una settimana dopo, gioved\u00ec 12 novembre (ore 20:45, Cinema Grassi, via Bianchi 1) dove verr\u00e0 proiettato il profondo e filosofico \u00abTrascend\u00bb, ritratto di Wesley Korir passato dal mondo della maratona a quello politico e oggi membro del Parlamento del Kenya. La determinazione di Wesley sar\u00e0 il tema conduttore della serata che per\u00f2 proprio su questa dimensione porter\u00e0 a conoscere e a scoprire anche un atleta di casa notra, Jacopo Peron, che con fatica e passione si sta facendo notare a livello italiano ed internazionale. Il ciclo si concluder\u00e0 infine gioved\u00ec 26 novembre a Gavirate (ore 20:45, Sala Consiliare del Comune di Gavirate, via De Ambrosis) con il documentario \u00abYema e Neka\u00bb, la storia di una famiglia italiana che si apre ad accogliere 9 ragazzi etiopi. Due di loro, Yema e Neka, corrono, vincono e battono record. Sono figli dell\u2019altopiano e allo stesso tempo della nuova Italia che si profila all\u2019orizzonte. Gli interventi del regista Matteo Valsecchi e di Silvestro Pascarella, ex atleta, giornalista de \u00abLa Prealpina\u00bb e padre adottivo di una bambina etiope, proveranno a spiegare quel legame profondo tra l\u2019Italia e l\u2019Africa che trascende ogni barriera sociale, culturale e ci porta a gustare l\u2019essenza delle cose.<\/p>\n","protected":false},"excerpt":{"rendered":"<p><p>Un posto nel mondo pu\u00f2 essere ovunque ma quando il filo conduttore \u00e8 quello della corsa, l\u2019Africa diventa il posto dove spesso tutto comincia. Un posto \u00abobbligato\u00bb. E da l\u00ec si parte per raccontare storie di corsa che per\u00f2 sono ovviamente anche molto altro, molto di pi\u00f9. Sono tre gli appuntamenti per gli amanti del running, ma per chiunque abbia la voglia di appassionarsi, da non perdere all\u2019interno della rassegna varesina \u00abUn posto nel mondo\u00bb che propone tre film-documentari per approfondire il contesto della corsa in Africa e non solo. Il diverso approccio culturale, le motivazioni, gli aspetti tecnici, il [&hellip;]<\/p>\n&nbsp;&nbsp;<div class=\"readmore\"><a href=\"https:\/\/blog.ilgiornale.it\/ruzzo\/2015\/11\/03\/lafrica-corre-e-cerca-un-posto-nel-mondo\/\">Continua a leggere...<\/a><\/div><\/p>","protected":false},"author":956,"featured_media":0,"comment_status":"open","ping_status":"closed","sticky":false,"template":"","format":"standard","meta":[],"categories":[1],"tags":[],"_links":{"self":[{"href":"https:\/\/blog.ilgiornale.it\/ruzzo\/wp-json\/wp\/v2\/posts\/17631"}],"collection":[{"href":"https:\/\/blog.ilgiornale.it\/ruzzo\/wp-json\/wp\/v2\/posts"}],"about":[{"href":"https:\/\/blog.ilgiornale.it\/ruzzo\/wp-json\/wp\/v2\/types\/post"}],"author":[{"embeddable":true,"href":"https:\/\/blog.ilgiornale.it\/ruzzo\/wp-json\/wp\/v2\/users\/956"}],"replies":[{"embeddable":true,"href":"https:\/\/blog.ilgiornale.it\/ruzzo\/wp-json\/wp\/v2\/comments?post=17631"}],"version-history":[{"count":1,"href":"https:\/\/blog.ilgiornale.it\/ruzzo\/wp-json\/wp\/v2\/posts\/17631\/revisions"}],"predecessor-version":[{"id":17633,"href":"https:\/\/blog.ilgiornale.it\/ruzzo\/wp-json\/wp\/v2\/posts\/17631\/revisions\/17633"}],"wp:attachment":[{"href":"https:\/\/blog.ilgiornale.it\/ruzzo\/wp-json\/wp\/v2\/media?parent=17631"}],"wp:term":[{"taxonomy":"category","embeddable":true,"href":"https:\/\/blog.ilgiornale.it\/ruzzo\/wp-json\/wp\/v2\/categories?post=17631"},{"taxonomy":"post_tag","embeddable":true,"href":"https:\/\/blog.ilgiornale.it\/ruzzo\/wp-json\/wp\/v2\/tags?post=17631"}],"curies":[{"name":"wp","href":"https:\/\/api.w.org\/{rel}","templated":true}]}}