{"id":17836,"date":"2015-11-28T16:17:22","date_gmt":"2015-11-28T15:17:22","guid":{"rendered":"https:\/\/blog.ilgiornale.it\/ruzzo\/?p=17836"},"modified":"2015-11-28T18:08:28","modified_gmt":"2015-11-28T17:08:28","slug":"il-re-di-sparta-490-km-di-corsa","status":"publish","type":"post","link":"https:\/\/blog.ilgiornale.it\/ruzzo\/2015\/11\/28\/il-re-di-sparta-490-km-di-corsa\/","title":{"rendered":"Il Re di Sparta, 490 km di corsa"},"content":{"rendered":"<p><a href=\"https:\/\/blog.ilgiornale.it\/ruzzo\/files\/2015\/11\/bonf.jpg\"><img loading=\"lazy\" class=\"alignright  wp-image-17837\" src=\"https:\/\/blog.ilgiornale.it\/ruzzo\/files\/2015\/11\/bonf.jpg\" alt=\"bonf\" width=\"377\" height=\"503\" srcset=\"https:\/\/blog.ilgiornale.it\/ruzzo\/files\/2015\/11\/bonf.jpg 480w, https:\/\/blog.ilgiornale.it\/ruzzo\/files\/2015\/11\/bonf-225x300.jpg 225w\" sizes=\"(max-width: 377px) 100vw, 377px\" \/><\/a>Non si sente un eroe. Per\u00f2 Marco Bonfiglio, 38enne di Abbiategrasso, tecnico informatico della Regione Lombardia, un po&#8217; eroe lo \u00e8 davvero. Come Filippide, forse un po&#8217; di pi\u00f9 di Filippide. Da Atene a Sparta e ritorno, 490 chilometri fatti di un fiato e di corsa per annunciare una vittoria. La sua. Arrivata dopo 78 ore 48 minuti e 9 secondi che, al di l\u00e0 dei numeri, fanno tre giorni e spiccioli di fatica. Dormendo quasi nulla perch\u00e8 tre microsonni di 15 minuti, come li chiama lui, sono ovviamente \u00abnulla\u00bb. \u00abCome mi \u00e8 venuto in mente? Beh ci ho semopre pensato ed \u00e8 ovvio che mi sono allenato&#8230; Anche se devo dire che correre per me \u00e8 naturale. Certo la fatica \u00e8 tanta ma mai mi passa per la testa di fermarmi, di non riuscire ad arrivare al traguardo\u00bb. E pensare che dieci anni fa giocava a calcio. Dilettante, un buon passo ma nulla di pi\u00f9. Poi un legamento che salta in un tackle e cambia la vita. Dopo la riabilitazione Bonfiglio riprende a correre e ci prende gusto. Parecchio. Tant&#8217;\u00e8 che comincia ad inanellare una serie infinita di maratone che, per chi non \u00e8 del mestiere, non sono passeggiate di salute ma 42 chilometri e 195 metri. Che alla fine contano anche quelli. \u00abPoi arriva un momento che senti che vuoi e puoi fare qualcosa in pi\u00f9- racconta- Capisci che non ti importa tanto andare veloce ma andare pi\u00f9 lontano e allora cominci a guardare alle gare pi\u00f9 lunghe\u00bb. E non bastano neppure le 100chilometri. Cos\u00ec in bacheca cominciano ad arrivare trofei importanti come la 100 miglia di Berlino, la Slovenski 12 urni tek in Slovenia, la Graveyard 100 Mile e la Nove Colli che sono 220 chilometri filati senza sconti. Ma la \u00abFidippidens Run\u00bb \u00e8 un&#8217;altra cosa ancora, non serve neanche scriverlo. Non \u00e8 una corsa, \u00e8 un viaggio mistico nel Peloponneso, sulle tracce degli eroi che hanno scritto la storia dell&#8217;Antica Grecia. \u00c9 una sfida lunga una vita che si corre con tutto ci\u00f2 che si ha. Con le gambe, il cuore ma soprattutto con la testa: \u00abCosa penso in una gara cos\u00ec lunga non lo so neanche io. Anche se ovviamente poi quando ti ritrovi al comando pensi a vincere. Poi pensi a non restare in riserva, cos\u00ec bevi una borraccia di sali e acqua ogni ora, mangi barrette, mangi i gel energetici e ogni tanto panini, prosciutto, formaggio&#8230;\u00bb. Ci si pensa a una gara cos\u00ec. Ci si mette in testa che si pu\u00f2 fare e poi ci si prepara: \u00abDi notte, quasi sempre di notte e da solo- racconta Bonfiglio- Io la mattina prendo il treno per andare in Regione a lavorare e torno a casa che sono le sei del pomeriggio. Faccio subito un primo allenamento e poi a mezzanotte o alle due ne faccio un altro. Quanti chilometri? Una quarantina al giorno, tutti i giorni, tutto l&#8217;anno&#8230;\u00bb. Tutto da s\u00e8, senza dire grazie a nessuno. \u00abSe non ai miei colleghi che fanno il tifo per me e mi danno una mano e ai miei due sponsor: Skechers che mi d\u00e0 le scarpe e per me \u00e8 un bel risparmio e BV sport che mi veste. Sono gli unici due che ho. Lo scriva, mi fa davvero un favore&#8230;\u00bb.<\/p>\n","protected":false},"excerpt":{"rendered":"<p><p>Non si sente un eroe. Per\u00f2 Marco Bonfiglio, 38enne di Abbiategrasso, tecnico informatico della Regione Lombardia, un po&#8217; eroe lo \u00e8 davvero. Come Filippide, forse un po&#8217; di pi\u00f9 di Filippide. Da Atene a Sparta e ritorno, 490 chilometri fatti di un fiato e di corsa per annunciare una vittoria. La sua. Arrivata dopo 78 ore 48 minuti e 9 secondi che, al di l\u00e0 dei numeri, fanno tre giorni e spiccioli di fatica. Dormendo quasi nulla perch\u00e8 tre microsonni di 15 minuti, come li chiama lui, sono ovviamente \u00abnulla\u00bb. \u00abCome mi \u00e8 venuto in mente? Beh ci ho semopre [&hellip;]<\/p>\n&nbsp;&nbsp;<div class=\"readmore\"><a href=\"https:\/\/blog.ilgiornale.it\/ruzzo\/2015\/11\/28\/il-re-di-sparta-490-km-di-corsa\/\">Continua a leggere...<\/a><\/div><\/p>","protected":false},"author":956,"featured_media":0,"comment_status":"open","ping_status":"closed","sticky":false,"template":"","format":"standard","meta":[],"categories":[1],"tags":[],"_links":{"self":[{"href":"https:\/\/blog.ilgiornale.it\/ruzzo\/wp-json\/wp\/v2\/posts\/17836"}],"collection":[{"href":"https:\/\/blog.ilgiornale.it\/ruzzo\/wp-json\/wp\/v2\/posts"}],"about":[{"href":"https:\/\/blog.ilgiornale.it\/ruzzo\/wp-json\/wp\/v2\/types\/post"}],"author":[{"embeddable":true,"href":"https:\/\/blog.ilgiornale.it\/ruzzo\/wp-json\/wp\/v2\/users\/956"}],"replies":[{"embeddable":true,"href":"https:\/\/blog.ilgiornale.it\/ruzzo\/wp-json\/wp\/v2\/comments?post=17836"}],"version-history":[{"count":3,"href":"https:\/\/blog.ilgiornale.it\/ruzzo\/wp-json\/wp\/v2\/posts\/17836\/revisions"}],"predecessor-version":[{"id":17840,"href":"https:\/\/blog.ilgiornale.it\/ruzzo\/wp-json\/wp\/v2\/posts\/17836\/revisions\/17840"}],"wp:attachment":[{"href":"https:\/\/blog.ilgiornale.it\/ruzzo\/wp-json\/wp\/v2\/media?parent=17836"}],"wp:term":[{"taxonomy":"category","embeddable":true,"href":"https:\/\/blog.ilgiornale.it\/ruzzo\/wp-json\/wp\/v2\/categories?post=17836"},{"taxonomy":"post_tag","embeddable":true,"href":"https:\/\/blog.ilgiornale.it\/ruzzo\/wp-json\/wp\/v2\/tags?post=17836"}],"curies":[{"name":"wp","href":"https:\/\/api.w.org\/{rel}","templated":true}]}}