{"id":17863,"date":"2015-11-30T19:03:12","date_gmt":"2015-11-30T18:03:12","guid":{"rendered":"https:\/\/blog.ilgiornale.it\/ruzzo\/?p=17863"},"modified":"2015-11-30T23:41:16","modified_gmt":"2015-11-30T22:41:16","slug":"si-muore-di-smog-e-tassiamo-le-bici","status":"publish","type":"post","link":"https:\/\/blog.ilgiornale.it\/ruzzo\/2015\/11\/30\/si-muore-di-smog-e-tassiamo-le-bici\/","title":{"rendered":"Si muore di smog e tassiamo le bici"},"content":{"rendered":"<p>Dovrebbe essere finito il tempo delle chiacchiere. Dovrebbe essere finito il tempo dei compromessi, delle decisioni compiacenti che chi amministra spesso prende per non scontentare chi l&#8217;ha votato o chi potrebbe votarlo. L&#8217;inquinamento atmosferico soprattutto per chi vive nelle citt\u00e0 del nord e&#8217; un problema serio che deve essere affrontato anche con scelte impopolari. C&#8217;\u00e8 un interesse di salute da tutelare e \u00a0va fatto. Quindi vanno fermate le auto che inquinano, vanno fermati camion e furgoni che hanno motori di trent&#8217;anni fa, vanno messi a norma bruciatori e caldaie ma con controlli seri sui fumi, vanno fatte scelte alternative sul trasporto che \u00a0non pu\u00f2 essere solo su gomma. \u00a0E altro ancora si potrebbe fare .Perch\u00e9 tutto ci\u00f2 va fatto subito? Perch\u00e9 L&#8217;italia \u00e8 il Paese dell&#8217;Unione europea che segna il record del numero di morti prematuri rispetto alla normale aspettativa di vita per l&#8217;inquinamento dell&#8217;aria. La stima arriva dal rapporto dell&#8217;Agenzia europea dell&#8217;ambiente (Aea): il Belpease nel 2012 ha registrato 84.400 decessi di questo tipo, su un totale di 491mila a livello Ue. Tre i &#8216;killer&#8217; sotto accusa per questo triste primato. Le micro polveri sottili (Pm2.5), il biossido di azoto (NO2) e l&#8217;ozono, quello nei bassi strati dell&#8217;atmosfera (O3), a cui lo studio attribuisce rispettivamente 59.500, 21.600 e 3.300 morti premature in Italia. Il bilancio pi\u00f9 grave se lo aggiudicano le micropolveri sottili, che provocano 403mila vittime nell&#8217;Ue a 28 e 432mila nel complesso dei 40 Paesi europei considerati dallo studio, L&#8217;impatto stimato dell&#8217;esposizione al biossido di azoto e all&#8217;ozono invece \u00e8 di circa 72mila e 16mila vittime precoci nei 28 Paesi Ue e di 75mila e 17mila per 40 Paesi europei. L&#8217;area pi\u00f9 colpita in Italia dal problema delle micro polveri si conferma quella della Pianura Padana, con Brescia, Monza, Milano, ma anche Torino, che oltrepassano il limite fissato a livello Ue di una concentrazione media annua di 25 microgrammi per metro cubo d&#8217;aria. Ora di certo ci sar\u00e0 chi avr\u00e0 modo e maniera di interpretare anche questi dati. Di infarcirli di se, di ma, di fare come si dice sempre dei &#8220;distinguo&#8221;. \u00a0Ci sar\u00e0 chi parler\u00e0 di terrorismo ambientale e di inutili allarmismi. \u00a0Pu\u00f2 darsi. Certo e che pi\u00f9 che tanti incontri, tavole , conferenze mondiali e globali sul clima forse basterebbe il coraggio di fare scelte pi\u00f9 semplici \u00a0e concrete gi\u00e0 domattina. Poi per\u00f2 leggi che c&#8217;\u00e8 qualcuno in Parlamento che per far quadrare i conti sta prendendo in considerazione l&#8217;ipotesi di targare e bollare \u00a0anche le bici e allora ti cadono le braccia. E pensi che forse \u00a0questo e&#8217; un mondo \u00a0che gira al contrario.<\/p>\n","protected":false},"excerpt":{"rendered":"<p><p>Dovrebbe essere finito il tempo delle chiacchiere. Dovrebbe essere finito il tempo dei compromessi, delle decisioni compiacenti che chi amministra spesso prende per non scontentare chi l&#8217;ha votato o chi potrebbe votarlo. L&#8217;inquinamento atmosferico soprattutto per chi vive nelle citt\u00e0 del nord e&#8217; un problema serio che deve essere affrontato anche con scelte impopolari. C&#8217;\u00e8 un interesse di salute da tutelare e \u00a0va fatto. Quindi vanno fermate le auto che inquinano, vanno fermati camion e furgoni che hanno motori di trent&#8217;anni fa, vanno messi a norma bruciatori e caldaie ma con controlli seri sui fumi, vanno fatte scelte alternative sul [&hellip;]<\/p>\n&nbsp;&nbsp;<div class=\"readmore\"><a href=\"https:\/\/blog.ilgiornale.it\/ruzzo\/2015\/11\/30\/si-muore-di-smog-e-tassiamo-le-bici\/\">Continua a leggere...<\/a><\/div><\/p>","protected":false},"author":956,"featured_media":0,"comment_status":"open","ping_status":"closed","sticky":false,"template":"","format":"standard","meta":[],"categories":[1],"tags":[],"_links":{"self":[{"href":"https:\/\/blog.ilgiornale.it\/ruzzo\/wp-json\/wp\/v2\/posts\/17863"}],"collection":[{"href":"https:\/\/blog.ilgiornale.it\/ruzzo\/wp-json\/wp\/v2\/posts"}],"about":[{"href":"https:\/\/blog.ilgiornale.it\/ruzzo\/wp-json\/wp\/v2\/types\/post"}],"author":[{"embeddable":true,"href":"https:\/\/blog.ilgiornale.it\/ruzzo\/wp-json\/wp\/v2\/users\/956"}],"replies":[{"embeddable":true,"href":"https:\/\/blog.ilgiornale.it\/ruzzo\/wp-json\/wp\/v2\/comments?post=17863"}],"version-history":[{"count":4,"href":"https:\/\/blog.ilgiornale.it\/ruzzo\/wp-json\/wp\/v2\/posts\/17863\/revisions"}],"predecessor-version":[{"id":17869,"href":"https:\/\/blog.ilgiornale.it\/ruzzo\/wp-json\/wp\/v2\/posts\/17863\/revisions\/17869"}],"wp:attachment":[{"href":"https:\/\/blog.ilgiornale.it\/ruzzo\/wp-json\/wp\/v2\/media?parent=17863"}],"wp:term":[{"taxonomy":"category","embeddable":true,"href":"https:\/\/blog.ilgiornale.it\/ruzzo\/wp-json\/wp\/v2\/categories?post=17863"},{"taxonomy":"post_tag","embeddable":true,"href":"https:\/\/blog.ilgiornale.it\/ruzzo\/wp-json\/wp\/v2\/tags?post=17863"}],"curies":[{"name":"wp","href":"https:\/\/api.w.org\/{rel}","templated":true}]}}