{"id":17892,"date":"2015-12-03T16:41:29","date_gmt":"2015-12-03T15:41:29","guid":{"rendered":"https:\/\/blog.ilgiornale.it\/ruzzo\/?p=17892"},"modified":"2015-12-03T16:41:47","modified_gmt":"2015-12-03T15:41:47","slug":"non-e-doping-ma-chi-ha-sbagliato","status":"publish","type":"post","link":"https:\/\/blog.ilgiornale.it\/ruzzo\/2015\/12\/03\/non-e-doping-ma-chi-ha-sbagliato\/","title":{"rendered":"Non \u00e8 doping ma chi ha sbagliato?"},"content":{"rendered":"<p>Non si parla di doping. &#8220;E&#8217; sbagliato parlare di\u00a0doping perch\u00e9 non \u00e8 un caso di\u00a0doping. Il caso di\u00a0doping \u00e8 quello che c&#8217;\u00e8 in Russia, qui c&#8217;\u00e8 un tema di procedure che non sono state rispettate sotto il profilo formale&#8221; dice il presidente del Coni,<strong> Giovanni Malag\u00f2<\/strong>. \u00abQuesto \u00e8 un momento molto particolare per l\u2019atletica italiana che scopro travolta dal doping. Nessun rappresentante dell\u2019atletica trovato positivo. Di cosa parliamo? Mi porto dietro il dramma e la rabbia di molti atleti che tra ieri e oggi mi hanno detto \u2019noi smettiamo, chiudiamo qu\u00ec&#8221;. Ma noi della Fidal siamo sereni, su questi atleti io ci metto la faccia. Dicono che hanno eluso i controlli e a gennaio ci sar\u00e0 il processo, noi continuiamo a programmare il nostro lavoro per i Giochi di Rio con tutti quegli atleti dentro, perch\u00e8 non ci sfiora nemmeno l\u2019idea che possano essere condannati. Siamo in prima linea nella lotta al e lo siamo con i fatti&#8221; dice il presidente della Fidal, <strong>Alfio Giomi<\/strong>. D&#8217;accordo non si parla di doping e non se n&#8217;\u00e8 parlato neppure stamattina sui giornali, bastava leggersi i pezzi. \u00a0Se ne parla su Facebook ma Facebook \u00e8 la piazza, \u00e8 il bar, \u00e8 la &#8220;pancia&#8221; dove ognuno \u00e8 libero di dire, fare e insultare. Ed \u00e8 il bello e il brutto della tanto sbandierata e nuova democrazia del pensiero che per\u00f2 proprio in casi come questi rischia di incartarsi. Non si parla di doping ma di &#8220;whereabouts&#8221; cio\u00e8 della mancata segnalazione degli spostamenti che gli atleti sono tenuti a comunicare per permettere a chi deve di controllarli. \u00a0Su 65 azzurri coinvolti, trentanove se la sono cavata con l&#8217;archiviazione mentre per gli altri 26 \u00e8 scattata la richiesta di un deferimento che potrebbe portare ad una squalifica di due anni e quindi a dire addio ai Giochi di Rio e forse alla carriera. Potrebbe perch\u00e8 per arrivare alla condanna ci dovr\u00e0 essere ovviamente ( e giustamente) \u00a0un processo in cui la giustizia sportiva, come si dice in questi casi, far\u00e0 il suo corso. Se le richieste di condanne dovessero essere confermate in pratica a giugno in Brasile ci troveremmo senza una nazionale di atletica. E non \u00e8 un dettaglio. \u00a0Non si parla di doping ma di un sistema di segnalazione degli spostamenti che dicono tutti abbia delle falle enormi: complicato, macchinoso, burocratico e soprattutto inadeguato ai tempi. E sicuramente \u00e8 cos\u00ec. Per\u00f2 la regola \u00e8 quella e quindi andava rispettata. Avrebbero dovuto rispettarla gli atleti. Avrebbero dovuto farla rispettare i tecnici e i dirigenti delle societ\u00e0 o dei gruppi militari. Avrebbero dovuto controllare che la rispettassero responsabili della Federazione e del Coni. Dov&#8217;erano tutti quanti? \u00a0La domanda \u00e8 assolutamente retorica ed \u00e8 la prova di una leggerezza sconcertante su una materia che invece avrebbe bisogno di estremo rigore. Ma va cos\u00ec. \u00a0Anche questa vicenda sa tanto di storia italiana dove alla fine si fa sempre fatica a trovare qualcuno che ammetta le colpe. Quindi come ha detto questa mattina il presidente Malag\u00f2 &#8220;Nessuno ha barato&#8230;&#8221; ed \u00e8 sicuramente vero. Per\u00f2 in molti hanno sbagliato e bisognerebbe dirlo.<\/p>\n","protected":false},"excerpt":{"rendered":"<p><p>Non si parla di doping. &#8220;E&#8217; sbagliato parlare di\u00a0doping perch\u00e9 non \u00e8 un caso di\u00a0doping. Il caso di\u00a0doping \u00e8 quello che c&#8217;\u00e8 in Russia, qui c&#8217;\u00e8 un tema di procedure che non sono state rispettate sotto il profilo formale&#8221; dice il presidente del Coni, Giovanni Malag\u00f2. \u00abQuesto \u00e8 un momento molto particolare per l\u2019atletica italiana che scopro travolta dal doping. Nessun rappresentante dell\u2019atletica trovato positivo. Di cosa parliamo? Mi porto dietro il dramma e la rabbia di molti atleti che tra ieri e oggi mi hanno detto \u2019noi smettiamo, chiudiamo qu\u00ec&#8221;. Ma noi della Fidal siamo sereni, su questi atleti [&hellip;]<\/p>\n&nbsp;&nbsp;<div class=\"readmore\"><a href=\"https:\/\/blog.ilgiornale.it\/ruzzo\/2015\/12\/03\/non-e-doping-ma-chi-ha-sbagliato\/\">Continua a leggere...<\/a><\/div><\/p>","protected":false},"author":956,"featured_media":0,"comment_status":"open","ping_status":"closed","sticky":false,"template":"","format":"standard","meta":[],"categories":[1],"tags":[],"_links":{"self":[{"href":"https:\/\/blog.ilgiornale.it\/ruzzo\/wp-json\/wp\/v2\/posts\/17892"}],"collection":[{"href":"https:\/\/blog.ilgiornale.it\/ruzzo\/wp-json\/wp\/v2\/posts"}],"about":[{"href":"https:\/\/blog.ilgiornale.it\/ruzzo\/wp-json\/wp\/v2\/types\/post"}],"author":[{"embeddable":true,"href":"https:\/\/blog.ilgiornale.it\/ruzzo\/wp-json\/wp\/v2\/users\/956"}],"replies":[{"embeddable":true,"href":"https:\/\/blog.ilgiornale.it\/ruzzo\/wp-json\/wp\/v2\/comments?post=17892"}],"version-history":[{"count":5,"href":"https:\/\/blog.ilgiornale.it\/ruzzo\/wp-json\/wp\/v2\/posts\/17892\/revisions"}],"predecessor-version":[{"id":17897,"href":"https:\/\/blog.ilgiornale.it\/ruzzo\/wp-json\/wp\/v2\/posts\/17892\/revisions\/17897"}],"wp:attachment":[{"href":"https:\/\/blog.ilgiornale.it\/ruzzo\/wp-json\/wp\/v2\/media?parent=17892"}],"wp:term":[{"taxonomy":"category","embeddable":true,"href":"https:\/\/blog.ilgiornale.it\/ruzzo\/wp-json\/wp\/v2\/categories?post=17892"},{"taxonomy":"post_tag","embeddable":true,"href":"https:\/\/blog.ilgiornale.it\/ruzzo\/wp-json\/wp\/v2\/tags?post=17892"}],"curies":[{"name":"wp","href":"https:\/\/api.w.org\/{rel}","templated":true}]}}