{"id":17907,"date":"2015-12-06T17:02:06","date_gmt":"2015-12-06T16:02:06","guid":{"rendered":"https:\/\/blog.ilgiornale.it\/ruzzo\/?p=17907"},"modified":"2015-12-07T10:33:55","modified_gmt":"2015-12-07T09:33:55","slug":"milano-marathon-a-caccia-di-record","status":"publish","type":"post","link":"https:\/\/blog.ilgiornale.it\/ruzzo\/2015\/12\/06\/milano-marathon-a-caccia-di-record\/","title":{"rendered":"Milano marathon a caccia di record"},"content":{"rendered":"<p><a href=\"https:\/\/blog.ilgiornale.it\/ruzzo\/files\/2015\/12\/linus.jpg\"><img loading=\"lazy\" class=\"alignleft size-medium wp-image-17908\" src=\"https:\/\/blog.ilgiornale.it\/ruzzo\/files\/2015\/12\/linus-300x212.jpg\" alt=\"linus\" width=\"300\" height=\"212\" srcset=\"https:\/\/blog.ilgiornale.it\/ruzzo\/files\/2015\/12\/linus-300x212.jpg 300w, https:\/\/blog.ilgiornale.it\/ruzzo\/files\/2015\/12\/linus.jpg 600w\" sizes=\"(max-width: 300px) 100vw, 300px\" \/><\/a>Sono due gli obiettivi della Milano Marathon che si correr\u00e0 domenica 3 aprile. Il primo \u00e8 attaccare il record di 2h07\u201917 ,la migliore prestazione realizzata in una maratona italiana; il secondo \u00e8 di superare i 15mila partecipanti della scorsa edizione, tra maratona e staffetta. &#8220;Vorremmo arrivare a 6mila atleti per la 42 chilometri e 10mila per la Relay &#8211; spiega <strong>Paolo Bellino<\/strong>, direttore generale di Rcs &#8211; in un momento in cui la maratona resta un fenomeno in leggera flessione per la crescita della mezza e delle tante 10 chilometri che si organizzano&#8221;. Gi\u00e0, la maratona resta il sogno per\u00f2 sempre di meno hanno voglia di sognare o forse di far fatica. Cos\u00ec \u00e8 tutto un rincorrere la gloria nelle gare pi\u00f9 corte. Per\u00f2 la maratona resta la maratona e chi ha avuto la fortuna di correrne una sa anche il perch\u00e8. \u00a0E a Milano la prossima sar\u00e0 la maratona numero sedici\u00a0che cominciano ad essere davvero un bel numero. \u00a0Per il 2016 viene confermato il percorso dello scorso anno. Si partir\u00e0 da porta Venezia e si arriver\u00e0\u00a0a Porta Venzia attraversando un po\u2019 tutti i punti pi\u00f9 sugnificativi della citt\u00e0 dal Duomo, all\u2019Arena, dalla Fiera a Montenpoleone. \u00abL\u2019edizione dello scorso anno \u00e8 stata un successo, sia in termini di iscritti che sono stati pi\u00f9 di 15mila sia in termini di performance con il record mondiale nella categoria Master M40 da parte del vincitore Kenneth Mungara- ha spiegato Bellino- Stiamo perfezionando ulteriormente il percorso \u00a0completamente ridisegnato lo scorso anno anche grazie al prezioso contributo della leggenda vivente dell\u2019atletica <strong>Haile Gebrselassie<\/strong> che rimarr\u00e0 invariato anche se saranno inevitabili alcune modifiche indispensabili per evitare i cantieri della metr\u00f2 4 e di nuove piste ciclabili&#8221;.\u00a0 Come sempre corsa sotto il segno della solidariet\u00e0. \u00abDa sempre per noi \u00e8 un elemento distintivo- ha spiegato il direttore della maratona <strong>Andrea Trabuio<\/strong>&#8211; Per la prima volta nella storia di Milano Marathon le iscrizioni alla staffetta potranno essere effettuate solo ed esclusivamente tramite le 65 organizzazioni non profit (ONP) partner del Charity Program, per aiutarle in maniera ancora pi\u00f9 incisiva e consapevole a raccogliere fondi per realizzare i loro progetti solidali. Si tratta di un importante progetto di solidariet\u00e0 che abbiamo creato insieme a <strong>Fabrizio Cosi<\/strong>, anima e fondatore di Podisti da Marte, scomparso prematuramente lo scorso settembre, e per questa ragione desideriamo fortemente che la staffetta diventi sinonimo di una grande festa per ricordarlo\u00bb. La raccolta fondi l\u2019anno scorso ha raggiunto quota 1 milione di euro, consacrando la manifestazione podistica, ancora una volta, come il pi\u00f9 rilevante evento sportivo singolo italiano per attivit\u00e0 di fundraising. Come ogni anno, al fianco degli organizzatori ci saranno Rete del Dono (piattaforma digitale di crowdfunding e personal fundraising) e, in qualit\u00e0 di Charity Coordinator, i Podisti da Marte. Ritorner\u00e0 anche Milano School Marathon, che lo scorso anno ha visto 3.000 ragazzi delle scuole elementari e medie correre 1.195 metri sull\u2019ultimo tratto di percorso della maratona.<\/p>\n","protected":false},"excerpt":{"rendered":"<p><p>Sono due gli obiettivi della Milano Marathon che si correr\u00e0 domenica 3 aprile. Il primo \u00e8 attaccare il record di 2h07\u201917 ,la migliore prestazione realizzata in una maratona italiana; il secondo \u00e8 di superare i 15mila partecipanti della scorsa edizione, tra maratona e staffetta. &#8220;Vorremmo arrivare a 6mila atleti per la 42 chilometri e 10mila per la Relay &#8211; spiega Paolo Bellino, direttore generale di Rcs &#8211; in un momento in cui la maratona resta un fenomeno in leggera flessione per la crescita della mezza e delle tante 10 chilometri che si organizzano&#8221;. Gi\u00e0, la maratona resta il sogno per\u00f2 [&hellip;]<\/p>\n&nbsp;&nbsp;<div class=\"readmore\"><a href=\"https:\/\/blog.ilgiornale.it\/ruzzo\/2015\/12\/06\/milano-marathon-a-caccia-di-record\/\">Continua a leggere...<\/a><\/div><\/p>","protected":false},"author":956,"featured_media":0,"comment_status":"open","ping_status":"closed","sticky":false,"template":"","format":"standard","meta":[],"categories":[1],"tags":[],"_links":{"self":[{"href":"https:\/\/blog.ilgiornale.it\/ruzzo\/wp-json\/wp\/v2\/posts\/17907"}],"collection":[{"href":"https:\/\/blog.ilgiornale.it\/ruzzo\/wp-json\/wp\/v2\/posts"}],"about":[{"href":"https:\/\/blog.ilgiornale.it\/ruzzo\/wp-json\/wp\/v2\/types\/post"}],"author":[{"embeddable":true,"href":"https:\/\/blog.ilgiornale.it\/ruzzo\/wp-json\/wp\/v2\/users\/956"}],"replies":[{"embeddable":true,"href":"https:\/\/blog.ilgiornale.it\/ruzzo\/wp-json\/wp\/v2\/comments?post=17907"}],"version-history":[{"count":2,"href":"https:\/\/blog.ilgiornale.it\/ruzzo\/wp-json\/wp\/v2\/posts\/17907\/revisions"}],"predecessor-version":[{"id":17910,"href":"https:\/\/blog.ilgiornale.it\/ruzzo\/wp-json\/wp\/v2\/posts\/17907\/revisions\/17910"}],"wp:attachment":[{"href":"https:\/\/blog.ilgiornale.it\/ruzzo\/wp-json\/wp\/v2\/media?parent=17907"}],"wp:term":[{"taxonomy":"category","embeddable":true,"href":"https:\/\/blog.ilgiornale.it\/ruzzo\/wp-json\/wp\/v2\/categories?post=17907"},{"taxonomy":"post_tag","embeddable":true,"href":"https:\/\/blog.ilgiornale.it\/ruzzo\/wp-json\/wp\/v2\/tags?post=17907"}],"curies":[{"name":"wp","href":"https:\/\/api.w.org\/{rel}","templated":true}]}}