{"id":18014,"date":"2015-12-29T20:37:31","date_gmt":"2015-12-29T19:37:31","guid":{"rendered":"https:\/\/blog.ilgiornale.it\/ruzzo\/?p=18014"},"modified":"2015-12-29T20:37:31","modified_gmt":"2015-12-29T19:37:31","slug":"fucilare-i-ciclisti-lo-scherzo-di-natale","status":"publish","type":"post","link":"https:\/\/blog.ilgiornale.it\/ruzzo\/2015\/12\/29\/fucilare-i-ciclisti-lo-scherzo-di-natale\/","title":{"rendered":"Fucilare i ciclisti? Lo scherzo di Natale&#8230;"},"content":{"rendered":"<p><span class=\"cat\">Pochi giorni prima di Natale, \u00a0proprio perch\u00e8 probabilmente sotto le Feste ci sentiamo tutti \u00a0pi\u00f9 buoni e bendisposti, \u00a0era salito agli onori delle cronache <strong>Claudio Cicero<\/strong> , consigliere comunale di una lista civica a gi\u00e0 assessore a Vicenza. \u00a0<strong>Cicero<\/strong>, che cos\u00ec a naso non credo scriver\u00e0 pagine di storia politica fondamentali nella storia del nostro Paese, si era conquistato le pagine dei giornali del Veneto ma anche nazionali e addirittura il titolo di qualche tg, perch\u00e8, come purtroppo succede spesso sulle strade, deve aver avuto da dire con un ciclista colpevole di non pedalare su una ciclabile e di intralciare la marcia della sua auto. Capita. Non capita, per fortuna, di reagire come ha reagito l&#8217;ex assessore alla mobilit\u00e0 del Comune di Vicenza:\u00a0<\/span>\u00abBisogna fucilare i ciclisti che non vanno sulle piste ciclabili\u00bb aveva detto in consiglio comunale. \u00a0\u00abL&#8217;altra sera uno l&#8217;avrei incartocciato- era stato il seguito- Non \u00e8 possibile avere la pista ciclabile libera bella e illuminata e la gente in mezzo alla strada con la bicicletta e i fari spenti\u00bb. Detto che nella sostanza un filo di ragione potrebbe anche averla perch\u00e8 se ci sono le ciclabli vanno usate, soprattutto di notte e soprattutto se non si hanno luci \u00e8 chiaro che c&#8217;\u00e8 modo e modo. E quello del consigliere \u00a0\u00e8 un modo che non merita neppure di essere commentato. Ignobile. Anche perch\u00e8 non si \u00e8 fermato l\u00ec:\u00a0\u00abE ce ne ho anche per le biciclette da corsa- aveva rilanciato in aula<b>&#8211;<\/b>\u00a0ve lo dico qua perch\u00e9 far\u00f2 un&#8217;azione nazionale: una bicicletta da corsa non pu\u00f2 andare in strada, ve lo garantisco io, perch\u00e9 non ha gli strumenti previsti dal Codice della Strada per un velocipede. Mancano fari, catarifrangenti e campanello, sappiatelo, perch\u00e9 far\u00f2 un intervento e voglio vedere come andiamo a finire\u00bb. Mi piace nei giorni in cui a Milano il sindaco Giuliano Pisapia manda a piedi tutti i milanesi perch\u00e8 auto e caldaie stanno soffocando la citt\u00e0 e nell&#8217;anno in cui i morti prematuri per inquinamento mettono l&#8217;Italia\u00a0e la pianura padana ( in cui c&#8217;\u00e8 anche il Veneto) \u00a0in testa alla classifica, \u00a0pensare che ci sia un politico, che di mobilit\u00e0 dovrebbe capire anche qualcosa visto che per cinque anni ha avuto la responsabilit\u00e0 di un assessorato, minacci una battaglia cos\u00ec violenta contro ciclisti e biciclette. \u00a0Ma forse \u00e8 solo uno scherzo, perch\u00e8 Natale fa rima con Carnevale&#8230;<\/p>\n<p>&nbsp;<\/p>\n","protected":false},"excerpt":{"rendered":"<p><p>Pochi giorni prima di Natale, \u00a0proprio perch\u00e8 probabilmente sotto le Feste ci sentiamo tutti \u00a0pi\u00f9 buoni e bendisposti, \u00a0era salito agli onori delle cronache Claudio Cicero , consigliere comunale di una lista civica a gi\u00e0 assessore a Vicenza. \u00a0Cicero, che cos\u00ec a naso non credo scriver\u00e0 pagine di storia politica fondamentali nella storia del nostro Paese, si era conquistato le pagine dei giornali del Veneto ma anche nazionali e addirittura il titolo di qualche tg, perch\u00e8, come purtroppo succede spesso sulle strade, deve aver avuto da dire con un ciclista colpevole di non pedalare su una ciclabile e di intralciare [&hellip;]<\/p>\n&nbsp;&nbsp;<div class=\"readmore\"><a href=\"https:\/\/blog.ilgiornale.it\/ruzzo\/2015\/12\/29\/fucilare-i-ciclisti-lo-scherzo-di-natale\/\">Continua a leggere...<\/a><\/div><\/p>","protected":false},"author":956,"featured_media":0,"comment_status":"open","ping_status":"closed","sticky":false,"template":"","format":"standard","meta":[],"categories":[1],"tags":[],"_links":{"self":[{"href":"https:\/\/blog.ilgiornale.it\/ruzzo\/wp-json\/wp\/v2\/posts\/18014"}],"collection":[{"href":"https:\/\/blog.ilgiornale.it\/ruzzo\/wp-json\/wp\/v2\/posts"}],"about":[{"href":"https:\/\/blog.ilgiornale.it\/ruzzo\/wp-json\/wp\/v2\/types\/post"}],"author":[{"embeddable":true,"href":"https:\/\/blog.ilgiornale.it\/ruzzo\/wp-json\/wp\/v2\/users\/956"}],"replies":[{"embeddable":true,"href":"https:\/\/blog.ilgiornale.it\/ruzzo\/wp-json\/wp\/v2\/comments?post=18014"}],"version-history":[{"count":2,"href":"https:\/\/blog.ilgiornale.it\/ruzzo\/wp-json\/wp\/v2\/posts\/18014\/revisions"}],"predecessor-version":[{"id":18063,"href":"https:\/\/blog.ilgiornale.it\/ruzzo\/wp-json\/wp\/v2\/posts\/18014\/revisions\/18063"}],"wp:attachment":[{"href":"https:\/\/blog.ilgiornale.it\/ruzzo\/wp-json\/wp\/v2\/media?parent=18014"}],"wp:term":[{"taxonomy":"category","embeddable":true,"href":"https:\/\/blog.ilgiornale.it\/ruzzo\/wp-json\/wp\/v2\/categories?post=18014"},{"taxonomy":"post_tag","embeddable":true,"href":"https:\/\/blog.ilgiornale.it\/ruzzo\/wp-json\/wp\/v2\/tags?post=18014"}],"curies":[{"name":"wp","href":"https:\/\/api.w.org\/{rel}","templated":true}]}}