{"id":18049,"date":"2015-12-26T20:21:12","date_gmt":"2015-12-26T19:21:12","guid":{"rendered":"https:\/\/blog.ilgiornale.it\/ruzzo\/?p=18049"},"modified":"2015-12-26T20:21:12","modified_gmt":"2015-12-26T19:21:12","slug":"roma-ostia-corre-verso-il-record","status":"publish","type":"post","link":"https:\/\/blog.ilgiornale.it\/ruzzo\/2015\/12\/26\/roma-ostia-corre-verso-il-record\/","title":{"rendered":"Roma-Ostia corre verso il record"},"content":{"rendered":"<p>C&#8217;\u00e8 aria di record sulla via che da Roma porta al mare di Ostia. La 42ma edizione della Roma-Ostia, che anche quest\u2019anno si potr\u00e0 fregaire della Golden Label Iaaf, il pi\u00f9 importante riconoscimento internazionale riservato alle competizioni di corsa su strada, viaggia a vele spiegate verso il record di iscritti. La &#8220;mezza&#8221; che quest\u2019anno si correr\u00e0 il 13 marzo 2016 ha fatto registrare gi\u00e0 ben 7.000 iscritti, un numero che rispecchia i riscontri record della passata edizione, con una proiezione che porter\u00e0 al via sicuramente oltre 13.000 atleti. &#8220;E tra l&#8217;altro sono in cospicuo aumento i partecipanti provenienti dall\u2019estero- spiegano gli organizzatori- \u00a0In aumento soprattutto i francesi ma in tanti arriveranno anche da Spagna, Polonia, Germania, Grecia \u00a0mentre diverse iscrizioni sono arrivate anche da oltre Oceano\u00bb. \u00a0Fra le novit\u00e0 pi\u00f9 rilevanti dell\u2019edizione 2016 c\u2019\u00e8 la nuova location dell\u2019expo Casa RomaOstia che, dopo diverse stagioni lascia il Salone delle Fontane per trasferirsi in un prestigioso immobile sempre nel quartiere Eur, a due passi dalla partenza, con affaccio panoramico su Piazza Guglielmo Marconi. &#8220;La nuova casa \u00a0dei maratoneti &#8211; spiega lo staff capitolino- verr\u00e0 ufficializzata a brevissimo, quando saranno espletate tutte le procedure necessarie&#8221;. Fra i partecipanti anche quest\u2019anno saranno al via i cadetti dell\u2019Accademia Militare di Modena, che arriveranno a Roma con una squadra di oltre 400 giovani atleti per i quali l\u2019organizzazione della Roma-Ostia realizzer\u00e0 una speciale t-shirt con la quale saranno facilmente identificabili sul percorso. Come lo scorso anno i militari saranno i controllori in partenza delle tre onde e di tutte le griglie, dando un tangibile contributo organizzativo alla gara. Come \u00e8 ormai consuetudine da ormai quattro anni, a corollario della 21 km, si correr\u00e0 la EuRoma2Run, una non competitiva di 5km aperta a tutti, che si snoder\u00e0 per le vie dell\u2019Eur e che si concluder\u00e0 sul traguardo posto all\u2019interno del Centro Commerciale EurRoma 2. Le iscrizioni resteranno aperte, improrogabilmente, fino al 18 di febbraio a 37,00 . Per tutte le informazioni il sito \u00e8 www.romaostia.it.<\/p>\n","protected":false},"excerpt":{"rendered":"<p><p>C&#8217;\u00e8 aria di record sulla via che da Roma porta al mare di Ostia. La 42ma edizione della Roma-Ostia, che anche quest\u2019anno si potr\u00e0 fregaire della Golden Label Iaaf, il pi\u00f9 importante riconoscimento internazionale riservato alle competizioni di corsa su strada, viaggia a vele spiegate verso il record di iscritti. La &#8220;mezza&#8221; che quest\u2019anno si correr\u00e0 il 13 marzo 2016 ha fatto registrare gi\u00e0 ben 7.000 iscritti, un numero che rispecchia i riscontri record della passata edizione, con una proiezione che porter\u00e0 al via sicuramente oltre 13.000 atleti. &#8220;E tra l&#8217;altro sono in cospicuo aumento i partecipanti provenienti dall\u2019estero- spiegano [&hellip;]<\/p>\n&nbsp;&nbsp;<div class=\"readmore\"><a href=\"https:\/\/blog.ilgiornale.it\/ruzzo\/2015\/12\/26\/roma-ostia-corre-verso-il-record\/\">Continua a leggere...<\/a><\/div><\/p>","protected":false},"author":956,"featured_media":0,"comment_status":"open","ping_status":"closed","sticky":false,"template":"","format":"standard","meta":[],"categories":[1],"tags":[],"_links":{"self":[{"href":"https:\/\/blog.ilgiornale.it\/ruzzo\/wp-json\/wp\/v2\/posts\/18049"}],"collection":[{"href":"https:\/\/blog.ilgiornale.it\/ruzzo\/wp-json\/wp\/v2\/posts"}],"about":[{"href":"https:\/\/blog.ilgiornale.it\/ruzzo\/wp-json\/wp\/v2\/types\/post"}],"author":[{"embeddable":true,"href":"https:\/\/blog.ilgiornale.it\/ruzzo\/wp-json\/wp\/v2\/users\/956"}],"replies":[{"embeddable":true,"href":"https:\/\/blog.ilgiornale.it\/ruzzo\/wp-json\/wp\/v2\/comments?post=18049"}],"version-history":[{"count":1,"href":"https:\/\/blog.ilgiornale.it\/ruzzo\/wp-json\/wp\/v2\/posts\/18049\/revisions"}],"predecessor-version":[{"id":18050,"href":"https:\/\/blog.ilgiornale.it\/ruzzo\/wp-json\/wp\/v2\/posts\/18049\/revisions\/18050"}],"wp:attachment":[{"href":"https:\/\/blog.ilgiornale.it\/ruzzo\/wp-json\/wp\/v2\/media?parent=18049"}],"wp:term":[{"taxonomy":"category","embeddable":true,"href":"https:\/\/blog.ilgiornale.it\/ruzzo\/wp-json\/wp\/v2\/categories?post=18049"},{"taxonomy":"post_tag","embeddable":true,"href":"https:\/\/blog.ilgiornale.it\/ruzzo\/wp-json\/wp\/v2\/tags?post=18049"}],"curies":[{"name":"wp","href":"https:\/\/api.w.org\/{rel}","templated":true}]}}