{"id":18057,"date":"2015-12-28T20:27:42","date_gmt":"2015-12-28T19:27:42","guid":{"rendered":"https:\/\/blog.ilgiornale.it\/ruzzo\/?p=18057"},"modified":"2015-12-28T20:29:34","modified_gmt":"2015-12-28T19:29:34","slug":"giova-e-franzi-di-corsa-verso-il-best-seller","status":"publish","type":"post","link":"https:\/\/blog.ilgiornale.it\/ruzzo\/2015\/12\/28\/giova-e-franzi-di-corsa-verso-il-best-seller\/","title":{"rendered":"&#8220;Giova&#8221; e Franz, di corsa verso il best seller"},"content":{"rendered":"<p><a href=\"https:\/\/blog.ilgiornale.it\/ruzzo\/files\/2015\/12\/gio.jpg\"><img loading=\"lazy\" class=\"alignleft  wp-image-18058\" src=\"https:\/\/blog.ilgiornale.it\/ruzzo\/files\/2015\/12\/gio.jpg\" alt=\"gio\" width=\"544\" height=\"544\" srcset=\"https:\/\/blog.ilgiornale.it\/ruzzo\/files\/2015\/12\/gio.jpg 640w, https:\/\/blog.ilgiornale.it\/ruzzo\/files\/2015\/12\/gio-150x150.jpg 150w, https:\/\/blog.ilgiornale.it\/ruzzo\/files\/2015\/12\/gio-300x300.jpg 300w\" sizes=\"(max-width: 544px) 100vw, 544px\" \/><\/a>Milano al centro. Che c\u2019\u00e8 anche se non c\u2019\u00e8. Che fa parte della storia, di una storia, di un film o di un romanzo. Milano citt\u00e0 di nonni e genitori, citt\u00e0 adottiva, quintessenza di una metropoli unica, contraddittoria e migliorabile. Milano dove si corre, perch\u00e9 qui si usa cos\u00ec, ma dove si corre perch\u00e9 la corsa \u00e8 anche un\u2019altra cosa, un\u2019altra vita, un altro sport. Parli con <strong>Giovanni Storti<\/strong> e <strong>Franz Rossi<\/strong> al tavolino di un bar del centro cercando un po\u2019 di quiete tra la frenesia dell\u2019happy hour e queste immagini scorrono veloci come in un film. Il trio adesso \u00e8 un coppia. Coppia di amici. Coppia di corridori uniti dalla passione per la montagna. Coppia di scrittori alla seconda fatica. <strong>Giovanni di \u00abAldo, Giovanni e Giacomo\u00bb<\/strong> \u00e8 sempre il \u00abGiova\u00bb, con la sua citt\u00e0 cucita addosso, con l\u2019ironia dei suoi personaggi e con la voglia di scappare che ogni tanto prende anche chi \u00e8 nato e cresciuto a Porta Romana.\u00a0Franz Rossi invece \u00e8 un figlio adottivo, girovago, nato a Venezia e cresciuto a Trieste, che si \u00e8 innamorato di Milano lentamente e ora non potrebbe vivere da nessun\u2019altra parte. Dopo le 50mila copie vendute di \u00abCorro perch\u00e9 mia mamma mi picchia&#8230;\u00bb \u00abGiova &amp; Franz\u00bb hanno scritto \u00abUna seducente sospensione del buonsenso\u00bb (Mondadori), un viaggio alla scoperta di ci\u00f2 che si deve lasciare, un punto di arrivo che a volte \u00e8 solo il punto da cui si deve ricominciare.\u00a0\u00abL\u2019idea di metterci insieme per scrivere \u00e8 nata per caso, come spesso capitano tutte le cose &#8211; racconta Giovanni -. Ci ha messo in contatto un amico comune che aveva appena pubblicato un libro sulla corsa ed \u00e8 scoccata la scintilla. Abbiamo cominciato a correre in montagna poi \u00e8 stato proprio Franz, che \u00e8 iscritto ai Road Runner di Milano davanti casa mia, che mi ha convinto a correre in citt\u00e0. Prima alla Montagnetta di San Siro e poi al Parco Sempione. E quando si corre spesso si chiacchiera, ci si raccontano cose, vengono idee e nascono progetti&#8230;\u00bb.\u00a0E cos\u00ec anche questa volta: \u00abS\u00ec, esatto &#8211; racconta Franz -. Il nostro primo libro tre anni fa \u00e8 nato proprio da questa passione comune. Volevamo raccontare le emozioni che si provano correndo sulle montagne, facendo un trail sulla neve ma non in modo tecnico. \u00c8 stato il racconto scanzonato delle nostre corse, dei nostri viaggi. Di cosa significa per noi correre che non \u00e8 tanto prestazione o velocit\u00e0 ma un modo di stare insieme e di condividere una passione\u00bb. Passione condivisa e premiata dai lettori e dalla critica con un premio Bancarella finito in bacheca. Ed ora si riparte. \u00abS\u00ec ma ci siamo montati la testa e questa volta abbiamo voluto scrivere un romanzo &#8211; spiega Giovanni &#8211; la storia di un uomo di 50 anni in crisi con la vita, come capita spesso a quell\u2019et\u00e0, che decide di partire e di prendersi un anno sabbatico con la scusa di dover consegnare un pacchetto misterioso trovato nell\u2019appartamento di un mago suo vicino di casa appena deceduto\u00bb. Un viaggio verso le montagne della val d\u2019Aosta, il \u00a0&#8220;buen retiro&#8221; preferito dai due autori, che proprio su quelle montagne scappano appena possono. Un viaggio con incontri e colpi di scena fatto in compagnia di un cane: \u00abChe non \u00e8 il \u201cRinghio\u201d di \u00a0&#8220;Tre Uomini e una Gamba&#8221; che sbavava e respirava rumorosamente tant\u2019\u00e8 che fu anche difficile girarle quelle scene &#8211; scherza Giovanni &#8211; il cane protagonista questa volta \u00e8 l\u2019altro punto di vista per leggere la storia. L\u2019uomo \u00e8 la ragione, il cane l\u2019istinto e la pancia. O forse viceversa&#8230;\u00bb. Un\u2019avventura, un muoversi lento in treno, in bici, camminando che \u00e8 anche un po\u2019 la fuga reale da una Milano cambiata in questi anni: \u00abNo, pi\u00f9 o meno Milano \u00e8 sempre la stessa &#8211; racconta Giovanni -. Forse pi\u00f9 moderna e organizzata e forse pi\u00f9 inquinata. Per\u00f2 la sensazione \u00e8 che ci si possa abituare a tutto. Anche allo smog. Anni fa quando si parlava di polveri sopra le soglie di allarme i milanesi mi sembravano preoccupati davvero, oggi sembra quasi non ci facciano pi\u00f9 caso&#8230;\u00bb. Nella sospensione del Buon senso Milano per\u00f2 non c\u2019\u00e8: \u00abNo non \u00e8 citata &#8211; spiega Franz &#8211; ma in realt\u00e0 c\u2019\u00e8 eccome. Ci sono i modi di dire, c\u2019\u00e8 la filosofia di questa citt\u00e0, ci sono gli atteggiamenti delle persone&#8230;\u00bb. C\u2019\u00e8 il punto di partenza, forse d\u2019arrivo ma soprattutto la storia. E allora la coppia torna ad essere un trio: \u00abQuest\u2019anno niente film &#8211; spiega Giovanni -. Niente perch\u00e9 con Aldo e Giacomo il prossimo anno saranno 25 di carriera e abbiamo pensato di farlo in quell\u2019occasione con un nuovo spettacolo teatrale. Per\u00f2 per questo Natale anche Giacomino ha scritto un libro e lo sta promuovendo. Come? Va in giro a dire di non leggere il mio&#8230;\u00bb<\/p>\n","protected":false},"excerpt":{"rendered":"<p><p>Milano al centro. Che c\u2019\u00e8 anche se non c\u2019\u00e8. Che fa parte della storia, di una storia, di un film o di un romanzo. Milano citt\u00e0 di nonni e genitori, citt\u00e0 adottiva, quintessenza di una metropoli unica, contraddittoria e migliorabile. Milano dove si corre, perch\u00e9 qui si usa cos\u00ec, ma dove si corre perch\u00e9 la corsa \u00e8 anche un\u2019altra cosa, un\u2019altra vita, un altro sport. Parli con Giovanni Storti e Franz Rossi al tavolino di un bar del centro cercando un po\u2019 di quiete tra la frenesia dell\u2019happy hour e queste immagini scorrono veloci come in un film. Il trio [&hellip;]<\/p>\n&nbsp;&nbsp;<div class=\"readmore\"><a href=\"https:\/\/blog.ilgiornale.it\/ruzzo\/2015\/12\/28\/giova-e-franzi-di-corsa-verso-il-best-seller\/\">Continua a leggere...<\/a><\/div><\/p>","protected":false},"author":956,"featured_media":0,"comment_status":"open","ping_status":"closed","sticky":false,"template":"","format":"standard","meta":[],"categories":[1],"tags":[],"_links":{"self":[{"href":"https:\/\/blog.ilgiornale.it\/ruzzo\/wp-json\/wp\/v2\/posts\/18057"}],"collection":[{"href":"https:\/\/blog.ilgiornale.it\/ruzzo\/wp-json\/wp\/v2\/posts"}],"about":[{"href":"https:\/\/blog.ilgiornale.it\/ruzzo\/wp-json\/wp\/v2\/types\/post"}],"author":[{"embeddable":true,"href":"https:\/\/blog.ilgiornale.it\/ruzzo\/wp-json\/wp\/v2\/users\/956"}],"replies":[{"embeddable":true,"href":"https:\/\/blog.ilgiornale.it\/ruzzo\/wp-json\/wp\/v2\/comments?post=18057"}],"version-history":[{"count":4,"href":"https:\/\/blog.ilgiornale.it\/ruzzo\/wp-json\/wp\/v2\/posts\/18057\/revisions"}],"predecessor-version":[{"id":18062,"href":"https:\/\/blog.ilgiornale.it\/ruzzo\/wp-json\/wp\/v2\/posts\/18057\/revisions\/18062"}],"wp:attachment":[{"href":"https:\/\/blog.ilgiornale.it\/ruzzo\/wp-json\/wp\/v2\/media?parent=18057"}],"wp:term":[{"taxonomy":"category","embeddable":true,"href":"https:\/\/blog.ilgiornale.it\/ruzzo\/wp-json\/wp\/v2\/categories?post=18057"},{"taxonomy":"post_tag","embeddable":true,"href":"https:\/\/blog.ilgiornale.it\/ruzzo\/wp-json\/wp\/v2\/tags?post=18057"}],"curies":[{"name":"wp","href":"https:\/\/api.w.org\/{rel}","templated":true}]}}