{"id":18352,"date":"2016-02-05T01:23:13","date_gmt":"2016-02-05T00:23:13","guid":{"rendered":"https:\/\/blog.ilgiornale.it\/ruzzo\/?p=18352"},"modified":"2016-02-05T01:23:13","modified_gmt":"2016-02-05T00:23:13","slug":"maratona-sport-da-vecchi","status":"publish","type":"post","link":"https:\/\/blog.ilgiornale.it\/ruzzo\/2016\/02\/05\/maratona-sport-da-vecchi\/","title":{"rendered":"Maratona sport da vecchi?"},"content":{"rendered":"<blockquote><p>Caro antonio, scusa se approfitto e ti disturbo ma ti leggo sempre e vorrei farti una domanda. Sono un maratoneta di 62 anni. Ho sempre corso, prima un po\u2019 pi\u00f9 veloce ora con pi\u00f9 saggezza, cio\u00e8 pi\u00f9 lentamente ma comunque arrivo\u2026proprio come dice il vecchio detto che \u201d chi va piano va sano e lontano\u201d. Per\u00f2 mi guardo intorno e alle partenze delle maratone, delle mezze e delle tapasciate\u00a0vedo sempre di pi\u00f9 atleti \u201cover\u201d. Gente tosta che non molla e che, soprattutto si diverte, basta guardarli in faccia e ascoltare i loro discorsi. Per\u00f2 un po\u2019 mi immalinconisco. Ma \u00e8 possibile che i giovani si avvicinino sempre meno a questo sport? Certo \u00e8 faticoso, ci vuole la testa matura per affrontare la sofferenza, ma non \u00e8 che magari servirebbe un po\u2019 di promozione in pi\u00f9? Non \u00e8 che le federazioni, le scuole, i giornali e le tv non si muovono a sufficienza? Che ne pensi?<\/p><\/blockquote>\n","protected":false},"excerpt":{"rendered":"<p><p>Caro antonio, scusa se approfitto e ti disturbo ma ti leggo sempre e vorrei farti una domanda. Sono un maratoneta di 62 anni. Ho sempre corso, prima un po\u2019 pi\u00f9 veloce ora con pi\u00f9 saggezza, cio\u00e8 pi\u00f9 lentamente ma comunque arrivo\u2026proprio come dice il vecchio detto che \u201d chi va piano va sano e lontano\u201d. Per\u00f2 mi guardo intorno e alle partenze delle maratone, delle mezze e delle tapasciate\u00a0vedo sempre di pi\u00f9 atleti \u201cover\u201d. Gente tosta che non molla e che, soprattutto si diverte, basta guardarli in faccia e ascoltare i loro discorsi. Per\u00f2 un po\u2019 mi immalinconisco. Ma \u00e8 [&hellip;]<\/p>\n&nbsp;&nbsp;<div class=\"readmore\"><a href=\"https:\/\/blog.ilgiornale.it\/ruzzo\/2016\/02\/05\/maratona-sport-da-vecchi\/\">Continua a leggere...<\/a><\/div><\/p>","protected":false},"author":956,"featured_media":0,"comment_status":"open","ping_status":"closed","sticky":false,"template":"","format":"standard","meta":[],"categories":[1],"tags":[],"_links":{"self":[{"href":"https:\/\/blog.ilgiornale.it\/ruzzo\/wp-json\/wp\/v2\/posts\/18352"}],"collection":[{"href":"https:\/\/blog.ilgiornale.it\/ruzzo\/wp-json\/wp\/v2\/posts"}],"about":[{"href":"https:\/\/blog.ilgiornale.it\/ruzzo\/wp-json\/wp\/v2\/types\/post"}],"author":[{"embeddable":true,"href":"https:\/\/blog.ilgiornale.it\/ruzzo\/wp-json\/wp\/v2\/users\/956"}],"replies":[{"embeddable":true,"href":"https:\/\/blog.ilgiornale.it\/ruzzo\/wp-json\/wp\/v2\/comments?post=18352"}],"version-history":[{"count":1,"href":"https:\/\/blog.ilgiornale.it\/ruzzo\/wp-json\/wp\/v2\/posts\/18352\/revisions"}],"predecessor-version":[{"id":18353,"href":"https:\/\/blog.ilgiornale.it\/ruzzo\/wp-json\/wp\/v2\/posts\/18352\/revisions\/18353"}],"wp:attachment":[{"href":"https:\/\/blog.ilgiornale.it\/ruzzo\/wp-json\/wp\/v2\/media?parent=18352"}],"wp:term":[{"taxonomy":"category","embeddable":true,"href":"https:\/\/blog.ilgiornale.it\/ruzzo\/wp-json\/wp\/v2\/categories?post=18352"},{"taxonomy":"post_tag","embeddable":true,"href":"https:\/\/blog.ilgiornale.it\/ruzzo\/wp-json\/wp\/v2\/tags?post=18352"}],"curies":[{"name":"wp","href":"https:\/\/api.w.org\/{rel}","templated":true}]}}