{"id":18436,"date":"2016-02-12T14:11:48","date_gmt":"2016-02-12T13:11:48","guid":{"rendered":"https:\/\/blog.ilgiornale.it\/ruzzo\/?p=18436"},"modified":"2016-02-12T14:11:48","modified_gmt":"2016-02-12T13:11:48","slug":"vigorelli-il-ciclismo-torna-a-casa","status":"publish","type":"post","link":"https:\/\/blog.ilgiornale.it\/ruzzo\/2016\/02\/12\/vigorelli-il-ciclismo-torna-a-casa\/","title":{"rendered":"Vigorelli, il ciclismo torna a casa"},"content":{"rendered":"<p><a href=\"https:\/\/blog.ilgiornale.it\/ruzzo\/files\/2016\/02\/923732.jpg\"><img loading=\"lazy\" class=\"alignright size-medium wp-image-18437\" src=\"https:\/\/blog.ilgiornale.it\/ruzzo\/files\/2016\/02\/923732-300x278.jpg\" alt=\"923732\" width=\"300\" height=\"278\" srcset=\"https:\/\/blog.ilgiornale.it\/ruzzo\/files\/2016\/02\/923732-300x278.jpg 300w, https:\/\/blog.ilgiornale.it\/ruzzo\/files\/2016\/02\/923732-1024x947.jpg 1024w\" sizes=\"(max-width: 300px) 100vw, 300px\" \/><\/a>Serviva la bacchetta magica visto che si parla di una pista magica. O forse la testardaggine e la buona volont\u00e0 di un comitato che si ha sempre creduto. Il Vigorelli torna a sentire il rumore lieve delle bici da pista. Torna ad essere ci\u00f2 che la sua storia gli impone e che i tempi chiedono, cio\u00e8 un velodromo aperto agli appassionati, ai ciclisti metropolitani e ai giovani che vogliono imparare ad andare in pista. Da qualche settimana \u00e8 partito il primo lotto di lavori per il restauro della tettoia, della pista e del prato. Per l\u2019inizio dell\u2019estate dovrebbe essere tutto finito anche se il condizionale \u00e8 d\u2019obbligo perch\u00e8 il Palalido docet. Dal Comune spiegano che verr\u00e0 valorizzata la pista e sar\u00e0 riportata all&#8217;antico splendore tutta la struttura, incluse le palestre sottostanti, le coperture, il campo di gioco oggi utilizzato dal Football americano con un investimento di 7 milioni di euro, tutti a scomputo degli oneri a carico di Citylife. \u00abL&#8217;obiettivo \u00e8 di chiudere il cantiere entro il prossimo giugno- spiega l\u2019assessore allo sport <strong>Chiara Bisconti<\/strong>&#8211; Il Vigorelli rinascer\u00e0 come velodromo urbano e come arena civica da ottomila posti, per essere utilizzato anche come luogo per l&#8217;intrattenimento. Siamo al lavoro con la Federazione Ciclistica Italiana e il Comitato Velodromo Vigorelli per sviluppare un progetto che ne faccia la casa della bicicletta a Milano, aperta a tante proposte diverse\u00bb. Si torna a pedalare, insomma. Dopo l\u2019ipotesi di trasformare il tempio della velocit\u00e0 e dei record dell\u2019ora in un centro polifunzionale con un pista di ciclismo smontabile che aveva fatto gelare il sangue nelle vene agli appassionati e non solo a loro, perch\u00e8 il Vigorelli resta un simbolo del ciclimo da sempre, si \u00e8 trovata la \u00abquadra\u00bb. \u00abS\u00ec l\u2019ipotesi di un centro polifunzionale resta e va bene- spiega <strong>Stefano Peruch<\/strong> del Comitato nuovo Vigorelli- ma \u00e8 chiaro che la pista di ciclismo per noi era fondamentale che restasse e venisse rimessa a posto. Il Vigorelli \u00e8 il ciclismo e togliere la pista sarebbe stata un bestemmia. Non \u00e8 un pallino da nostalgici \u00e8 che la funzione del velodromo \u00e8 quella l\u00ec e poi a Londra hanno fatto la stessa cosa e funziona\u00bb. Un velodromo popolare quindi, anche se con una valenza pi\u00f9 tecnica, che diventi il centro di incontro per atleti, appassionati, giovani e scuole e che ruoti intorno alla bicicletta a 360 gradi. \u00abIl progetto \u00e8 questo- racconta Peruch- Con il secondo lotto di lavori saranno ristrutturati la storica palestra di boxe Ravasio ma anche gli spogliatoi e altre aree che potrebbero diventare depositi per le bici da pista che sono bici particolari con cui non si pu\u00f2 girare in strada e ospitare servizi. Come ciclofficine, centri di medicina sportiva, palestre dove si organizzano corsi di spinning ciclistico\u00bb. Infine il museo del Ghisallo, lo spazio che racconta la storia del ciclismo, voluto da Fiorenzo Magni che il Comune penserebbe di spostare all\u2019interno del Vigorelli: \u00abSe ne \u00e8 parlato- spiega Peruch- anche se mi sembra pi\u00f9 realistica l\u2019ipotesi di dedicare al museo magari un locale che faccia da richiamo per gli appassionati. Il Ghisallo \u00e8 giusto che stia sul Ghisallo, magari andrebbero realizzati l\u00e0 i servizi che servono. Chi arriva lass\u00f9 pedalando oggi non ha neppure uno spazio per lasciare la bicicletta o per cambiarsi gli abiti sudati&#8230;<\/p>\n","protected":false},"excerpt":{"rendered":"<p><p>Serviva la bacchetta magica visto che si parla di una pista magica. O forse la testardaggine e la buona volont\u00e0 di un comitato che si ha sempre creduto. Il Vigorelli torna a sentire il rumore lieve delle bici da pista. Torna ad essere ci\u00f2 che la sua storia gli impone e che i tempi chiedono, cio\u00e8 un velodromo aperto agli appassionati, ai ciclisti metropolitani e ai giovani che vogliono imparare ad andare in pista. Da qualche settimana \u00e8 partito il primo lotto di lavori per il restauro della tettoia, della pista e del prato. Per l\u2019inizio dell\u2019estate dovrebbe essere tutto [&hellip;]<\/p>\n&nbsp;&nbsp;<div class=\"readmore\"><a href=\"https:\/\/blog.ilgiornale.it\/ruzzo\/2016\/02\/12\/vigorelli-il-ciclismo-torna-a-casa\/\">Continua a leggere...<\/a><\/div><\/p>","protected":false},"author":956,"featured_media":0,"comment_status":"open","ping_status":"closed","sticky":false,"template":"","format":"standard","meta":[],"categories":[1],"tags":[],"_links":{"self":[{"href":"https:\/\/blog.ilgiornale.it\/ruzzo\/wp-json\/wp\/v2\/posts\/18436"}],"collection":[{"href":"https:\/\/blog.ilgiornale.it\/ruzzo\/wp-json\/wp\/v2\/posts"}],"about":[{"href":"https:\/\/blog.ilgiornale.it\/ruzzo\/wp-json\/wp\/v2\/types\/post"}],"author":[{"embeddable":true,"href":"https:\/\/blog.ilgiornale.it\/ruzzo\/wp-json\/wp\/v2\/users\/956"}],"replies":[{"embeddable":true,"href":"https:\/\/blog.ilgiornale.it\/ruzzo\/wp-json\/wp\/v2\/comments?post=18436"}],"version-history":[{"count":2,"href":"https:\/\/blog.ilgiornale.it\/ruzzo\/wp-json\/wp\/v2\/posts\/18436\/revisions"}],"predecessor-version":[{"id":18439,"href":"https:\/\/blog.ilgiornale.it\/ruzzo\/wp-json\/wp\/v2\/posts\/18436\/revisions\/18439"}],"wp:attachment":[{"href":"https:\/\/blog.ilgiornale.it\/ruzzo\/wp-json\/wp\/v2\/media?parent=18436"}],"wp:term":[{"taxonomy":"category","embeddable":true,"href":"https:\/\/blog.ilgiornale.it\/ruzzo\/wp-json\/wp\/v2\/categories?post=18436"},{"taxonomy":"post_tag","embeddable":true,"href":"https:\/\/blog.ilgiornale.it\/ruzzo\/wp-json\/wp\/v2\/tags?post=18436"}],"curies":[{"name":"wp","href":"https:\/\/api.w.org\/{rel}","templated":true}]}}