{"id":18508,"date":"2016-02-21T10:23:18","date_gmt":"2016-02-21T09:23:18","guid":{"rendered":"https:\/\/blog.ilgiornale.it\/ruzzo\/?p=18508"},"modified":"2016-02-21T10:23:46","modified_gmt":"2016-02-21T09:23:46","slug":"parisi-e-sala-alla-stramilano-chi-vince-fa-il-sindaco","status":"publish","type":"post","link":"https:\/\/blog.ilgiornale.it\/ruzzo\/2016\/02\/21\/parisi-e-sala-alla-stramilano-chi-vince-fa-il-sindaco\/","title":{"rendered":"Parisi e Sala alla Stramilano? Chi vince fa il sindaco&#8230;"},"content":{"rendered":"<p><a href=\"https:\/\/blog.ilgiornale.it\/ruzzo\/files\/2016\/02\/131817659-cbe34761-9338-4812-a479-afdb5a958126.jpg\"><img loading=\"lazy\" class=\"alignleft size-thumbnail wp-image-18509\" src=\"https:\/\/blog.ilgiornale.it\/ruzzo\/files\/2016\/02\/131817659-cbe34761-9338-4812-a479-afdb5a958126-150x150.jpg\" alt=\"131817659-cbe34761-9338-4812-a479-afdb5a958126\" width=\"150\" height=\"150\" \/><\/a><a href=\"https:\/\/blog.ilgiornale.it\/ruzzo\/files\/2016\/02\/12734144_10209065737708966_2053426948093220274_n.jpg\"><img loading=\"lazy\" class=\"alignleft size-thumbnail wp-image-18510\" src=\"https:\/\/blog.ilgiornale.it\/ruzzo\/files\/2016\/02\/12734144_10209065737708966_2053426948093220274_n-150x150.jpg\" alt=\"12734144_10209065737708966_2053426948093220274_n\" width=\"150\" height=\"150\" \/><\/a>Per correre corrono. E non solo per il Comune di Milano dove tra <strong>Stefano Parisi<\/strong>, \u00a0candidato di centrodestra e <strong>Giuseppe Sala<\/strong>, del centrosinistra si annuncia un testa a testa. I due corrono e di cose in comune ( con la minuscola) ne hanno parecchie: il primo \u00e8 stato city manager \u00a0della giunta Albertini, l&#8217;altro della giunta Moratti. \u00a0Uno \u00e8 stato amministratore delegato di Fastweb, l&#8217; altro direttore generale di Telecom e Pirelli. Uno \u00e8 stato \u00a0a capo del dipartimento per gli Affari economici della presidenza del Consiglio, l&#8217;altro commissario per l&#8217;Expo. Uno ha ricompattato il centrodestra l&#8217;altro fa un po&#8217; fatica a tenere insieme tutta la sinistra. Destini pi\u00f9 o meno incrociati che ora li vedono l&#8217;uno contro l&#8217;altro armati per conquistare la poltrona di Palazzo Marino. \u00a0E non \u00e8 solo un sfida politica. \u00a0I due corrono. Corrono con scarpe e braghette come tanti milanesi intorno al Parco Sempione. E&#8217; di ieri \u00a0l&#8217;annuncio ( e la foto) che Parisi si sta allenando per arrivare al traguardo il prossimo 20 marzo della Stramilano, la classica pi\u00f9 classica delle corse milanesi. Dieci chilometri, oppure ventuno ancora non si sa. Comunque la squadra \u00e8 pronta: \u00abAbbiamo deciso di correre la <strong>StraMilano<\/strong> chi si unisce?\u00bb ha scritto \u00a0<strong>Pietro Tatarella<\/strong>, capogruppo di Forza Italia in Comune, postando su Facebook una foto davanti al Duomo con l&#8217;assessore regionale \u00a0<strong>Giulio Gallera<\/strong> e il candidato del centrodestra. \u00abOggi con Parisi abbiamo fatto 16 chilometri\u00bb. La sfida \u00e8 lanciata e Sala \u00e8 avvisato. Lui pure corre e si sta allenando anche se l&#8217;annuncio che sar\u00e0 al via della Stramilano ancora non \u00e8 arrivato. Ma c&#8217;\u00e8 tempo e poche settimane fa, con <strong>Linus<\/strong> e<strong> Martina Colombari<\/strong>, ha corso una cinque chilometri in pieno centro. Se la giocano cos\u00ec la poltrona di Palazzo Marino? Sarebbe meraviglioso&#8230;<\/p>\n","protected":false},"excerpt":{"rendered":"<p><p>Per correre corrono. E non solo per il Comune di Milano dove tra Stefano Parisi, \u00a0candidato di centrodestra e Giuseppe Sala, del centrosinistra si annuncia un testa a testa. I due corrono e di cose in comune ( con la minuscola) ne hanno parecchie: il primo \u00e8 stato city manager \u00a0della giunta Albertini, l&#8217;altro della giunta Moratti. \u00a0Uno \u00e8 stato amministratore delegato di Fastweb, l&#8217; altro direttore generale di Telecom e Pirelli. Uno \u00e8 stato \u00a0a capo del dipartimento per gli Affari economici della presidenza del Consiglio, l&#8217;altro commissario per l&#8217;Expo. Uno ha ricompattato il centrodestra l&#8217;altro fa un po&#8217; [&hellip;]<\/p>\n&nbsp;&nbsp;<div class=\"readmore\"><a href=\"https:\/\/blog.ilgiornale.it\/ruzzo\/2016\/02\/21\/parisi-e-sala-alla-stramilano-chi-vince-fa-il-sindaco\/\">Continua a leggere...<\/a><\/div><\/p>","protected":false},"author":956,"featured_media":0,"comment_status":"open","ping_status":"closed","sticky":false,"template":"","format":"standard","meta":[],"categories":[1],"tags":[],"_links":{"self":[{"href":"https:\/\/blog.ilgiornale.it\/ruzzo\/wp-json\/wp\/v2\/posts\/18508"}],"collection":[{"href":"https:\/\/blog.ilgiornale.it\/ruzzo\/wp-json\/wp\/v2\/posts"}],"about":[{"href":"https:\/\/blog.ilgiornale.it\/ruzzo\/wp-json\/wp\/v2\/types\/post"}],"author":[{"embeddable":true,"href":"https:\/\/blog.ilgiornale.it\/ruzzo\/wp-json\/wp\/v2\/users\/956"}],"replies":[{"embeddable":true,"href":"https:\/\/blog.ilgiornale.it\/ruzzo\/wp-json\/wp\/v2\/comments?post=18508"}],"version-history":[{"count":2,"href":"https:\/\/blog.ilgiornale.it\/ruzzo\/wp-json\/wp\/v2\/posts\/18508\/revisions"}],"predecessor-version":[{"id":18512,"href":"https:\/\/blog.ilgiornale.it\/ruzzo\/wp-json\/wp\/v2\/posts\/18508\/revisions\/18512"}],"wp:attachment":[{"href":"https:\/\/blog.ilgiornale.it\/ruzzo\/wp-json\/wp\/v2\/media?parent=18508"}],"wp:term":[{"taxonomy":"category","embeddable":true,"href":"https:\/\/blog.ilgiornale.it\/ruzzo\/wp-json\/wp\/v2\/categories?post=18508"},{"taxonomy":"post_tag","embeddable":true,"href":"https:\/\/blog.ilgiornale.it\/ruzzo\/wp-json\/wp\/v2\/tags?post=18508"}],"curies":[{"name":"wp","href":"https:\/\/api.w.org\/{rel}","templated":true}]}}