{"id":18541,"date":"2016-02-25T07:41:10","date_gmt":"2016-02-25T06:41:10","guid":{"rendered":"https:\/\/blog.ilgiornale.it\/ruzzo\/?p=18541"},"modified":"2016-02-25T09:14:46","modified_gmt":"2016-02-25T08:14:46","slug":"il-challenge-conquista-venezia","status":"publish","type":"post","link":"https:\/\/blog.ilgiornale.it\/ruzzo\/2016\/02\/25\/il-challenge-conquista-venezia\/","title":{"rendered":"Il Challenge conquista Venezia"},"content":{"rendered":"<p><a href=\"https:\/\/blog.ilgiornale.it\/ruzzo\/files\/2016\/02\/beabfc37-465f-4a71-9467-93cb96e5a4ea.gif\"><img loading=\"lazy\" class=\"alignleft size-medium wp-image-18545\" src=\"https:\/\/blog.ilgiornale.it\/ruzzo\/files\/2016\/02\/beabfc37-465f-4a71-9467-93cb96e5a4ea-300x130.gif\" alt=\"beabfc37-465f-4a71-9467-93cb96e5a4ea\" width=\"300\" height=\"130\" \/><\/a>Parlando del<strong> Challenge di Venezia<\/strong>, dire che l&#8217;organizzatore<strong> Matteo Gerevini<\/strong> ha trovato la &#8220;chiave&#8221; per far diventare una gara che gi\u00e0 faceva parlare di s\u00e8 in un evento indimenticabile, fa venire in mente Tinto Brass e Stefania Sandrelli. Ma quello era un altro discorso. Il Challenge Venice, che \u00a0vola verso i mille iscritti, diventa per\u00f2 a tutti gli effetti patrimonio veneziano, un po&#8217; come la regata storica, come la Vogalonga. Un \u00a0tuffo di storia. Non \u00e8 facile gareggiare in una citt\u00e0 cos\u00ec e \u00a0l&#8217;annuncio che il\u00a0\u00a05 giugno i partecipanti alla prima edizione del full distance avranno\u00a0il privilegio di partire dal centro storico suona gi\u00e0 come una vittoria. \u00a0Un tuffo da una delle zone pi\u00f9 belle ed emozionati della citt\u00e0 lagunare, e cio\u00e8 dalla zona che il 29 marzo 1516, esattamente 500 anni fa, vide la nascita del primo <strong>Ghetto<\/strong> ebraico al mondo, e che tuttora mantiene splendide vestigia dell\u2019epoca. Gli atleti, saranno portati in traghetto all&#8217;alba da\u00a0\u00a0<strong>Parco San Giuliano<\/strong> e sbarcheranno a <strong>Fondamenta Cannaregio<\/strong> da dove \u00a0a piedi attraverseranno uno dei pi\u00f9 famosi ponti di Venezia, il ponte Tre Archi, per giungere poi alla vicina partenza che avverr\u00e0 da <strong>Fondamenta San Giobbe,<\/strong> antistante l\u2019<strong>Universit\u00e0 C\u00e0 Foscari.<\/strong> Da qui il via per di 3,8 km di nuoto in acque libere, che li condurr\u00e0 \u201cin linea retta\u201d alla zona cambio a Parco San Giuliano accompagnati\u00a0da gondole colorate come le cuffie della rispettiva griglie di partenza, lungo il velocissimo percorso rettilineo che lasciando il <strong>Ponte della Libert\u00e0<\/strong> a sinistra costegger\u00e0 gli isolotti <strong>San Secondo<\/strong> e <strong>San Giuliano<\/strong> prima di giungere\u00a0fino alla zona cambio\u00a0ilometri per poi rientrare di nuovo nella zona cambio nel <strong>Triathlon Stadium<\/strong> di Parco San Giuliano ed affrontare la maratona a piedi con i suoi consueti 42,195 chilometri.<\/p>\n<blockquote><p><strong>Ci sperava di partire proprio da Venezia?<\/strong><br \/>\n&#8220;Sinceramente no&#8230;&#8221;<br \/>\n<strong>Poi cos&#8217;\u00e8 successo?<\/strong><br \/>\n&#8220;Che siamo riusciti \u00a0a far vedere il progetto della gara al sindaco a cui \u00e8 piaciuto e ci ha dato il via libera&#8221;<br \/>\n<strong>Un colpo di fortuna quindi?<\/strong><br \/>\n&#8220;Non proprio. Ci abbiamo creduto&#8230;&#8221;<br \/>\n<strong>Altrimenti?<\/strong><br \/>\n&#8220;Altrimenti sarebbe successo nei prossimi anni. Era uno degli step che ci eravamo prefissati per far crescere un challenge che per\u00f2 si pu\u00f2 gi\u00e0 considerare un evento&#8221;<br \/>\n<strong>E bastano mille iscritti per farlo diventare un evento?<\/strong><br \/>\n&#8220;no, ma non \u00e8 un fatto di numeri. Anzi, contrariamente ad altre gare internazionali per noi i numeri possono diventare un problema. Abbiamo limiti di spazio quindi se devo pensare a una crescita non penso al numero di partecipanti che nei prossimi anni fisseremo a 1500, ma a ci\u00f2 che ruota intorno alla gara, alle manifestazioni collaterali. Che non \u00e8 detto che siano obbligatoriamente legate al triathlon&#8230;&#8221;<br \/>\n<strong>Tradotto?<\/strong><br \/>\n&#8220;Tradotto significa che faremo le stesse scelte negli ultimi anni che sta facendo Venezia con il suo turismo che diventer\u00e0 sempre meno di massa ma pi\u00f9 di qualit\u00e0. La linea da seguire \u00e8 quella&#8221;<br \/>\n<strong>Quindi una gara e poi tante altre cose intorno?<\/strong><br \/>\n&#8220;Si \u00e8 cos\u00ec. \u00a0Il\u00a0Challenge Venice potrebbe anche raddoppiare con un 70.3 che gi\u00e0 potremmo fare ma non ci interessa, con la crescita di una staffetta che \u00e8 per questo tipo di gare un rivoluzione visto che permette di spezzare tutte le frazioni con pi\u00f9 atleti e nei prossimi anni forse anche in quella di nuoto e con altro ancora. Ma ci\u00f2 che ci preme \u00e8 creare un evento unico che abbia intorno anche tanto altro: manifestazioni culturali, legate alla musica o al cibo, dedicate a chi accompagna gli atleti. Venezia \u00e8 un biglietto da visita che per chi non \u00e8 italiano ha una potenza incredibile e cercheremo di farne patrimonio per la nostra gara. E infatti g\u00e0 quest&#8217;anno oltre il 50 per cento degli iscritti viene dall&#8217;estero&#8221;<br \/>\n<strong>Per\u00f2 Venezia \u00e8 anche una citt\u00e0 difficile<br \/>\n<\/strong>Difficilissima direi&#8230;&#8221;<br \/>\n<strong>Perch\u00e8?<br \/>\n<\/strong>&#8220;Perch\u00e8 qui un evento deve\u00a0fare i conti con dinamiche incredibili, con \u00a0una normalit\u00e0 che non \u00e8 quella di tutte le altre citt\u00e0 del mondo. \u00a0Che \u00e8 quella di migliaia di turisti che si muovono, visitano posti, usano i mezzi pubblici e con cui bisogna trovare un punto di equilibrio. \u00a0E anche cose che in altre gare possono sembrare ovvie qui diventano problemi seri&#8221;<br \/>\n<strong>Ad esempio?<br \/>\n<\/strong>&#8220;Ad esempio prendere una camera d&#8217;albergo in citt\u00e0&#8230;Diventa difficile poi il giorno della gara portare la bici da crono nella zona cambio. Qui non \u00e8 che puoisaltare in sella e pedalare, devi imbarcarti su un traghetto. E molte volte non ci si pensa&#8230;&#8221;<br \/>\n<strong>Per\u00f2 chi si iscrive a Venezia vuole stare a Venezia&#8230;<br \/>\n<\/strong>&#8220;E infatti con la partenza dal Ghetto nuoter\u00e0 a Venezia&#8221;<br \/>\n<strong>Che \u00e8 anche un po&#8217; la risposta a chi bisbigliava che questo era il challenge di Mestre&#8230;<br \/>\n<\/strong>&#8220;Guardi, noi italiani nonostante tutto siamo sempre un po&#8217; provinciali. Le assicuro che tutte le richieste che ho\u00a0avuto e stanno arrivando\u00a0dall&#8217;estero questo problema non se lo sono neanche posto. Questo \u00e8 un Challenge che ruota completamente intorno alla citt\u00e0 e Venezia resta per chi si iscrive un evento da ricordare. E noi stiamo cercando di renderlo pi\u00f9 italiano possibile&#8221;<br \/>\n<strong>Anche coinvolgendo atleti famosi nelle staffette?<br \/>\n<\/strong>&#8220;Anche&#8221;<strong><br \/>\nHa gi\u00e0 qualche nome?<br \/>\n<\/strong>&#8220;S\u00ec qualcuno s\u00ec. Al via potremmo avere campioni di triathlon e di altri sport siamo in trattativa&#8230;&#8221;<br \/>\n<strong>C&#8217;\u00e8 un modello di gara che vi ispira?<\/strong><br \/>\n&#8220;Direi di no. \u00a0Dobbiamo fare in conti con la nostra di realt\u00e0 che \u00e8 gi\u00e0 ben complicata. \u00a0E purtroppo anche con le date. Quella del 5 giugno sar\u00e0 la prima vera data di esodo estivo per chi va al mare o a far gite. E questo ci complica non poco anche la gestione del circuito della frazione ciclistica&#8230;&#8221;<br \/>\n<strong>Qual \u00e8 la scommessa che\u00a0la affascina?<\/strong><br \/>\n&#8220;Mi piacerebbe che nei prossimi dieci anni il Challenge di Venezia diventasse per il triathlon ci\u00f2 che NewYork \u00e8 diventata per la maratona&#8230;&#8221;<br \/>\n<strong>Si sente di farla?<\/strong><br \/>\n&#8220;Ci possiamo provare&#8230;&#8221;<\/p>\n<p>.<\/p>\n<p>&nbsp;<\/p>\n<p>..<\/p><\/blockquote>\n","protected":false},"excerpt":{"rendered":"<p><p>Parlando del Challenge di Venezia, dire che l&#8217;organizzatore Matteo Gerevini ha trovato la &#8220;chiave&#8221; per far diventare una gara che gi\u00e0 faceva parlare di s\u00e8 in un evento indimenticabile, fa venire in mente Tinto Brass e Stefania Sandrelli. Ma quello era un altro discorso. Il Challenge Venice, che \u00a0vola verso i mille iscritti, diventa per\u00f2 a tutti gli effetti patrimonio veneziano, un po&#8217; come la regata storica, come la Vogalonga. Un \u00a0tuffo di storia. Non \u00e8 facile gareggiare in una citt\u00e0 cos\u00ec e \u00a0l&#8217;annuncio che il\u00a0\u00a05 giugno i partecipanti alla prima edizione del full distance avranno\u00a0il privilegio di partire dal [&hellip;]<\/p>\n&nbsp;&nbsp;<div class=\"readmore\"><a href=\"https:\/\/blog.ilgiornale.it\/ruzzo\/2016\/02\/25\/il-challenge-conquista-venezia\/\">Continua a leggere...<\/a><\/div><\/p>","protected":false},"author":956,"featured_media":0,"comment_status":"open","ping_status":"closed","sticky":false,"template":"","format":"standard","meta":[],"categories":[1],"tags":[],"_links":{"self":[{"href":"https:\/\/blog.ilgiornale.it\/ruzzo\/wp-json\/wp\/v2\/posts\/18541"}],"collection":[{"href":"https:\/\/blog.ilgiornale.it\/ruzzo\/wp-json\/wp\/v2\/posts"}],"about":[{"href":"https:\/\/blog.ilgiornale.it\/ruzzo\/wp-json\/wp\/v2\/types\/post"}],"author":[{"embeddable":true,"href":"https:\/\/blog.ilgiornale.it\/ruzzo\/wp-json\/wp\/v2\/users\/956"}],"replies":[{"embeddable":true,"href":"https:\/\/blog.ilgiornale.it\/ruzzo\/wp-json\/wp\/v2\/comments?post=18541"}],"version-history":[{"count":8,"href":"https:\/\/blog.ilgiornale.it\/ruzzo\/wp-json\/wp\/v2\/posts\/18541\/revisions"}],"predecessor-version":[{"id":18550,"href":"https:\/\/blog.ilgiornale.it\/ruzzo\/wp-json\/wp\/v2\/posts\/18541\/revisions\/18550"}],"wp:attachment":[{"href":"https:\/\/blog.ilgiornale.it\/ruzzo\/wp-json\/wp\/v2\/media?parent=18541"}],"wp:term":[{"taxonomy":"category","embeddable":true,"href":"https:\/\/blog.ilgiornale.it\/ruzzo\/wp-json\/wp\/v2\/categories?post=18541"},{"taxonomy":"post_tag","embeddable":true,"href":"https:\/\/blog.ilgiornale.it\/ruzzo\/wp-json\/wp\/v2\/tags?post=18541"}],"curies":[{"name":"wp","href":"https:\/\/api.w.org\/{rel}","templated":true}]}}