{"id":18616,"date":"2016-03-02T17:40:04","date_gmt":"2016-03-02T16:40:04","guid":{"rendered":"https:\/\/blog.ilgiornale.it\/ruzzo\/?p=18616"},"modified":"2016-03-02T17:40:04","modified_gmt":"2016-03-02T16:40:04","slug":"expo-fa-spazio-allo-sport-2","status":"publish","type":"post","link":"https:\/\/blog.ilgiornale.it\/ruzzo\/2016\/03\/02\/expo-fa-spazio-allo-sport-2\/","title":{"rendered":"Expo fa spazio allo sport"},"content":{"rendered":"<p><a href=\"https:\/\/blog.ilgiornale.it\/ruzzo\/files\/2016\/03\/119aafd9-d6ae-4e6c-aed8-369dab53c43b.jpg\"><img loading=\"lazy\" class=\"alignleft size-medium wp-image-18612\" src=\"https:\/\/blog.ilgiornale.it\/ruzzo\/files\/2016\/03\/119aafd9-d6ae-4e6c-aed8-369dab53c43b-225x300.jpg\" alt=\"119aafd9-d6ae-4e6c-aed8-369dab53c43b\" width=\"225\" height=\"300\" srcset=\"https:\/\/blog.ilgiornale.it\/ruzzo\/files\/2016\/03\/119aafd9-d6ae-4e6c-aed8-369dab53c43b-225x300.jpg 225w, https:\/\/blog.ilgiornale.it\/ruzzo\/files\/2016\/03\/119aafd9-d6ae-4e6c-aed8-369dab53c43b.jpg 442w\" sizes=\"(max-width: 225px) 100vw, 225px\" \/><\/a>Atletica, tennis e basket. Lo sport che potrebbe aprire una nuova stagione di impianti nel dopo Expo ricomincia da tre. Da tre idee, tre progetti che sono arrivati sul tavolo della Regione e che potrebbero diventare qualcosa di concreto non appena si chiarir\u00e0 davvero quale sar\u00e0 il futuro delle aree di Rho Pero che hanno ospitato l&#8217;Esposizione Universale. Nei giorni scorsi il premier Matteo Renzi ha presentato quello che sar\u00e0 il polo tecnologico ma non \u00e8 finita l\u00ec. \u00abQuesto \u00e8 il primo passo ma c&#8217;\u00e8 altro da fare &#8211; ha detto il governatore <strong>Roberto Maroni<\/strong> &#8211; c&#8217;\u00e8 da realizzare il nuovo campus universitario, gli impianti sportivi e tante altre cose e cominceremo a occuparcene nell&#8217;assemblea di Arexpo sempre che il Governo concluda il lavoro fatto per l&#8217;ingresso. Ci sono ancora cose da risolvere\u00bb. Situazione fluida insomma anche se qualcosa all&#8217;orizzonte si comincia a intravvedere. E di pochi giorni fa l&#8217;incontro tra l&#8217;assessore allo sport <strong>Antonio Rossi<\/strong> con <strong>Massimo Di Giorgio<\/strong>, ex atleta azzurro, oggi candidato alle prossime elezioni per la presidenza Fidal. Di Giorgio ha presentato un progetto che punterebbe a realizzare sull&#8217;area Expo pi\u00f9 vicina a Rho un centro di riferimento per l&#8217;atletica azzurra: \u00abUn centro che servirebbe per ospitare le grandi manifestazioni &#8211; spiega l&#8217;ex azzurro &#8211; ma anche una struttura federale che permetterebbe ad atleti e tecnici di far crescere il movimento di vertice. La Lombardia rappresenta da sola il 22 per cento dell&#8217;atletica italiana e Milano con 17mila tesserati ha pi\u00f9 atleti di molte regioni. Quindi \u00e8 il luogo ideale per ospitare un centro di primo piano\u00bb. L&#8217;idea \u00e8 una struttura da 15mila posti con campus e residenze, con piste indoor e di allenamento modulari, con bassi costi di gestione ed ecocompatibile che permetterebbe di sfruttare tutte le potenzialit\u00e0 di una zona perfettamente servita da strade e mezzi pubblici. In Regione ci pensano seriamente: \u00abIl progetto presentato da<strong> Di Giorgio<\/strong> \u00e8 interessante- spiega l&#8217;assessore allo sport Antonio Rossi- cos\u00ec come un altro che ci \u00e8 stato presentato dal presidente della Fidal Alfio Giomi. D&#8217;altronde l&#8217;esigenza di un grande impianto che in Italia possa ospitare manifestazioni sportive internazionali esiste visto che oggi possiamo contare solo sulle strutture di Ancona e Padova. Sulle aree Expo la possibilit\u00e0 c&#8217;\u00e8 perch\u00e9 sono davvero molto vaste. Noi siamo pronti a discuterne anche se \u00e8 ovvio che tutto dipende da cosa far\u00e0 il governo e da quanto sono disposte a collaborare le Federazioni\u00bb. Ma non \u00e8 solo l&#8217;atletica a prenotarsi. L&#8217;idea di un impianto polifunzionale di buona capienza, capace di adattarsi anche ad altri sport solletica ovviamente la pallacanestro che a Milano si chiama Armani e che ormai sogna uno spazio all&#8217;altezza di una squadra di caratura europea. Non solo. Contatti con il Pirellone ci sarebbero stati anche da parte della Federtennis che spingerebbe per un impianto da 20mila posti in grado di ospitare tornei Atp e in un futuro non lontanissimo anche gli Internazionali d&#8217;Italia che al Foro Italico ormai stanno stretti e con la Federnuoto perch\u00e9 a Milano una vasca Olimpionica sarebbe pi\u00f9 che mai benvenuta. \u00abNoi siamo seriamente disposti a discuterne &#8211; conclude l&#8217;assessore <strong>Rossi<\/strong>&#8211; anche se \u00e8 ovvio che prima bisogna vengano chiarite altre cose. Poi potremo davvero capire se l&#8217;ipotesi di un palazzetto polifunzionale \u00e8 realizzabile. Insomma lo spazio c&#8217;\u00e8, ma forse non \u00e8 ancora sufficiente.<\/p>\n","protected":false},"excerpt":{"rendered":"<p><p>Atletica, tennis e basket. Lo sport che potrebbe aprire una nuova stagione di impianti nel dopo Expo ricomincia da tre. Da tre idee, tre progetti che sono arrivati sul tavolo della Regione e che potrebbero diventare qualcosa di concreto non appena si chiarir\u00e0 davvero quale sar\u00e0 il futuro delle aree di Rho Pero che hanno ospitato l&#8217;Esposizione Universale. Nei giorni scorsi il premier Matteo Renzi ha presentato quello che sar\u00e0 il polo tecnologico ma non \u00e8 finita l\u00ec. \u00abQuesto \u00e8 il primo passo ma c&#8217;\u00e8 altro da fare &#8211; ha detto il governatore Roberto Maroni &#8211; c&#8217;\u00e8 da realizzare il [&hellip;]<\/p>\n&nbsp;&nbsp;<div class=\"readmore\"><a href=\"https:\/\/blog.ilgiornale.it\/ruzzo\/2016\/03\/02\/expo-fa-spazio-allo-sport-2\/\">Continua a leggere...<\/a><\/div><\/p>","protected":false},"author":956,"featured_media":0,"comment_status":"open","ping_status":"closed","sticky":false,"template":"","format":"standard","meta":[],"categories":[1],"tags":[],"_links":{"self":[{"href":"https:\/\/blog.ilgiornale.it\/ruzzo\/wp-json\/wp\/v2\/posts\/18616"}],"collection":[{"href":"https:\/\/blog.ilgiornale.it\/ruzzo\/wp-json\/wp\/v2\/posts"}],"about":[{"href":"https:\/\/blog.ilgiornale.it\/ruzzo\/wp-json\/wp\/v2\/types\/post"}],"author":[{"embeddable":true,"href":"https:\/\/blog.ilgiornale.it\/ruzzo\/wp-json\/wp\/v2\/users\/956"}],"replies":[{"embeddable":true,"href":"https:\/\/blog.ilgiornale.it\/ruzzo\/wp-json\/wp\/v2\/comments?post=18616"}],"version-history":[{"count":1,"href":"https:\/\/blog.ilgiornale.it\/ruzzo\/wp-json\/wp\/v2\/posts\/18616\/revisions"}],"predecessor-version":[{"id":18617,"href":"https:\/\/blog.ilgiornale.it\/ruzzo\/wp-json\/wp\/v2\/posts\/18616\/revisions\/18617"}],"wp:attachment":[{"href":"https:\/\/blog.ilgiornale.it\/ruzzo\/wp-json\/wp\/v2\/media?parent=18616"}],"wp:term":[{"taxonomy":"category","embeddable":true,"href":"https:\/\/blog.ilgiornale.it\/ruzzo\/wp-json\/wp\/v2\/categories?post=18616"},{"taxonomy":"post_tag","embeddable":true,"href":"https:\/\/blog.ilgiornale.it\/ruzzo\/wp-json\/wp\/v2\/tags?post=18616"}],"curies":[{"name":"wp","href":"https:\/\/api.w.org\/{rel}","templated":true}]}}