{"id":18631,"date":"2016-03-04T09:54:09","date_gmt":"2016-03-04T08:54:09","guid":{"rendered":"https:\/\/blog.ilgiornale.it\/ruzzo\/?p=18631"},"modified":"2016-03-04T09:54:09","modified_gmt":"2016-03-04T08:54:09","slug":"stramilano-come-la-prima-della-scala","status":"publish","type":"post","link":"https:\/\/blog.ilgiornale.it\/ruzzo\/2016\/03\/04\/stramilano-come-la-prima-della-scala\/","title":{"rendered":"Stramilano: &#8220;Come la prima della Scala&#8221;"},"content":{"rendered":"<p><a href=\"https:\/\/blog.ilgiornale.it\/ruzzo\/files\/2016\/03\/stra.jpg\"><img loading=\"lazy\" class=\"alignleft size-medium wp-image-18633\" src=\"https:\/\/blog.ilgiornale.it\/ruzzo\/files\/2016\/03\/stra-300x200.jpg\" alt=\"stra\" width=\"300\" height=\"200\" srcset=\"https:\/\/blog.ilgiornale.it\/ruzzo\/files\/2016\/03\/stra-300x200.jpg 300w, https:\/\/blog.ilgiornale.it\/ruzzo\/files\/2016\/03\/stra.jpg 990w\" sizes=\"(max-width: 300px) 100vw, 300px\" \/><\/a>La Stramilano \u00e8 un pezzo di storia. E non solo della corsa. I 50mila, i record sulla mezza maratona, i campioni che la citt\u00e0 si ferma ad applaudire ma soprattutto la magia di una gara che quasi cinquant&#8217;anni fa, quando correre era davvero \u00abstrano\u00bb, ha messo in scarpe e calzoncini generazioni di atleti pi\u00f9 o meno improvvisati. \u00abFai la Stramilano?\u00bb era la domanda di rito. Ripetuta a casa, a scuola, in cortile con gli amici, tutti l\u00ec a provare ad allenarsi correndo come e dove capitava. Una volta era cos\u00ec. Poi la corsa \u00e8 diventata ci\u00f2 che \u00e8 diventata oggi e cio\u00e8 un fenomeno di massa trasversale che coinvolge allo stesso modo appassionati, agonisti, giovani di belle speranza e non pi\u00f9 giovani che ancora hanno velleit\u00e0. Il il contenitore perfetto per tutti questi mondi, per un frullato di sport che \u00e8 stato capace di crescere e nel tempo adeguarsi ad un mondo che cambiava. E quest&#8217;anno fanno 45 edizioni. Pi\u00f9 viva che mai. Con le sue tradizioni, con il suo colpo di cannone del Reggimento artiglieria a cavallo \u00abVoloire\u00bb, con la Fanfara dei bersaglieri che l&#8217;hanno fatta diventare la corsa non competitiva pi\u00f9 famosa d&#8217;Italia e non solo d&#8217;Italia. E domenica 20 marzo il rito si ripete. Saranno tre i grandi eventi, in una festa di palloncini e musica: la Stramilano 10 Km, Stramilanina 5 Km e Stramilano Half Marathon di 21 chilometri con madrina d&#8217;eccezione, Stefania Cattaneo di Radio Number One, partner della manifestazione. L&#8217;arrivo \u00e8 fissato per tutti all&#8217;Arena Civica, storico tempio cittadino dello sport, dove atleti grandi e piccoli potranno riprendersi dalle fatiche della corsa e godere di momenti di relax, divertimento e ristoro prima della suggestiva cerimonia di premiazione. \u00abMi avvicino a questa Stramilano con ancor pi\u00f9 entusiasmo ed emozione delle precedenti, tanto \u00e8 vero che correr\u00f2 la 10 km- ha commentato Chiara Bisconti, l&#8217;assessore allo sport del Comune- Ha una valenza magica ed \u00e8 il ponte ideale fra le radici del passato ed il futuro, ed \u00e8 ormai entrata a fare parte del dna dei milanesi\u00bb. La Stramilano numero 45 non \u00e8 solo occasione di sport e divertimento, ma anche di attenzione verso i pi\u00f9 deboli; fra le associazioni che partecipano alla manifestazione: Abio, attiva nell&#8217;assistenza ai bambini ospedalizzati; Associazione Aiuto ai Giovani Diabetici, nata per affiancare ed aiutare i genitori di figli con diabete; il Centro Benedetta D&#8217;Intino, che si prende cura di bambini con disturbi psichici; Fabula, che assiste amorevolmente bambini autistici; Le Gocce, che parteciper\u00e0 alla manifestazione con bambini diversamente abili; Faraja House, che opera con i ragazzi di strada in Tanzania; Oxfam, che si prodiga per sostenere le popolazioni vittime di conflitti o disastri naturali. \u00abRegione Lombardia non poteva mancare a questo grande appuntamento. Ormai la Stramilano \u00e8 come la Scala, San Siro: \u00e8 Milano. \u00c8 forse la pi\u00f9 bella festa di popolo, che permette di apprezzare la citt\u00e0 da un altro punto di vista- spiega l&#8217;assessore al Reddito di autonomia e Inclusione sociale della Regione Lombardia Giulio Gallera- Il segreto del successo della stracittadina sta nel fatto che \u00e8 capace di coinvolgere sia i bambini che gli atleti professionisti. E&#8217; una manifestazione di cui mi sono subito innamorato, infatti sono alla mia 15esima edizione\u00bb.<\/p>\n","protected":false},"excerpt":{"rendered":"<p><p>La Stramilano \u00e8 un pezzo di storia. E non solo della corsa. I 50mila, i record sulla mezza maratona, i campioni che la citt\u00e0 si ferma ad applaudire ma soprattutto la magia di una gara che quasi cinquant&#8217;anni fa, quando correre era davvero \u00abstrano\u00bb, ha messo in scarpe e calzoncini generazioni di atleti pi\u00f9 o meno improvvisati. \u00abFai la Stramilano?\u00bb era la domanda di rito. Ripetuta a casa, a scuola, in cortile con gli amici, tutti l\u00ec a provare ad allenarsi correndo come e dove capitava. Una volta era cos\u00ec. Poi la corsa \u00e8 diventata ci\u00f2 che \u00e8 diventata oggi [&hellip;]<\/p>\n&nbsp;&nbsp;<div class=\"readmore\"><a href=\"https:\/\/blog.ilgiornale.it\/ruzzo\/2016\/03\/04\/stramilano-come-la-prima-della-scala\/\">Continua a leggere...<\/a><\/div><\/p>","protected":false},"author":956,"featured_media":0,"comment_status":"open","ping_status":"closed","sticky":false,"template":"","format":"standard","meta":[],"categories":[1],"tags":[3395,80858],"_links":{"self":[{"href":"https:\/\/blog.ilgiornale.it\/ruzzo\/wp-json\/wp\/v2\/posts\/18631"}],"collection":[{"href":"https:\/\/blog.ilgiornale.it\/ruzzo\/wp-json\/wp\/v2\/posts"}],"about":[{"href":"https:\/\/blog.ilgiornale.it\/ruzzo\/wp-json\/wp\/v2\/types\/post"}],"author":[{"embeddable":true,"href":"https:\/\/blog.ilgiornale.it\/ruzzo\/wp-json\/wp\/v2\/users\/956"}],"replies":[{"embeddable":true,"href":"https:\/\/blog.ilgiornale.it\/ruzzo\/wp-json\/wp\/v2\/comments?post=18631"}],"version-history":[{"count":1,"href":"https:\/\/blog.ilgiornale.it\/ruzzo\/wp-json\/wp\/v2\/posts\/18631\/revisions"}],"predecessor-version":[{"id":18634,"href":"https:\/\/blog.ilgiornale.it\/ruzzo\/wp-json\/wp\/v2\/posts\/18631\/revisions\/18634"}],"wp:attachment":[{"href":"https:\/\/blog.ilgiornale.it\/ruzzo\/wp-json\/wp\/v2\/media?parent=18631"}],"wp:term":[{"taxonomy":"category","embeddable":true,"href":"https:\/\/blog.ilgiornale.it\/ruzzo\/wp-json\/wp\/v2\/categories?post=18631"},{"taxonomy":"post_tag","embeddable":true,"href":"https:\/\/blog.ilgiornale.it\/ruzzo\/wp-json\/wp\/v2\/tags?post=18631"}],"curies":[{"name":"wp","href":"https:\/\/api.w.org\/{rel}","templated":true}]}}