{"id":18727,"date":"2016-03-16T10:20:47","date_gmt":"2016-03-16T09:20:47","guid":{"rendered":"https:\/\/blog.ilgiornale.it\/ruzzo\/?p=18727"},"modified":"2016-03-16T15:50:55","modified_gmt":"2016-03-16T14:50:55","slug":"el-diablo-e-i-triathlon-un-ambaradan","status":"publish","type":"post","link":"https:\/\/blog.ilgiornale.it\/ruzzo\/2016\/03\/16\/el-diablo-e-i-triathlon-un-ambaradan\/","title":{"rendered":"El Diablo e il triathlon: &#8220;Un ambaradan&#8230;&#8221;"},"content":{"rendered":"<p><a href=\"https:\/\/blog.ilgiornale.it\/ruzzo\/files\/2016\/03\/images.jpg\"><img loading=\"lazy\" class=\"alignleft size-full wp-image-18731\" src=\"https:\/\/blog.ilgiornale.it\/ruzzo\/files\/2016\/03\/images.jpg\" alt=\"images\" width=\"225\" height=\"225\" srcset=\"https:\/\/blog.ilgiornale.it\/ruzzo\/files\/2016\/03\/images.jpg 225w, https:\/\/blog.ilgiornale.it\/ruzzo\/files\/2016\/03\/images-150x150.jpg 150w\" sizes=\"(max-width: 225px) 100vw, 225px\" \/><\/a>El Diablo si fa in tre. Ci prova almeno. Il prossimo 16 aprile Claudio Chiappucci si tuffer\u00e0 infatti nelle acque di Baia Chia in Sardegna per il Laguna Half Triathlon, un &lt;mezzo&gt; tra i pi\u00f9 belli in Italia che apre di fatto la stagione agonistica. Per lui, \u00a0che ha scritto un pezzo della storia del ciclismo, che ha vinto Milano Sanremo, tappe al Giro e al Tour, che \u00e8 stato maglia gialla fino all&#8217;ultimo giorno battuto solo nella crono finale dall&#8217;americano \u00a0Greg lemond, si tratta di una prima assoluta. Non sar\u00e0 solo una sfida con se stesso, che a 53 anni resta comunque una bella sfida. Dovr\u00e0 vedersela con Migidio Bourifa, 5 volte campione italiano di maratona e di 7 anni pi\u00f9 giovane di lui, \u00a0che sar\u00e0 la&#8217;ltro protagonista di The finisher, il reality di Bik\u00a0channel sul triathlon in onda in questi giorni. El Diablo paure non ne ha, un po&#8217; di incoscienza forse. Non far\u00e0 gare prima ma debutter\u00e0 subito sulla distanza lunga. Punto debole? Ovviamente il nuoto. Punto di forza? Non serve neanche dirlo. &#8220;Il problema \u00e8 mettere tutto assieme- come dice lui -perch\u00e8 il triathl\u00f2on mi sembra un grande ambaradan&#8230;&#8221;<\/p>\n<p>&nbsp;<\/p>\n<blockquote><p><strong>\u00a0Lei ha appena compiuto 53 anni, chi glielo fa fare di rimettersi in bici a pedalare?<\/strong><br \/>\n\u00abGuardi che io dalla bici non sono mai sceso&#8230;\u00bb<br \/>\n<strong>S\u00ec certo per\u00f2 Giro, Tour erano un&#8217;altra vita<\/strong><br \/>\n\u00abOvvio. Per\u00f2 tra alti e bassi ho sempre continuato a correre e ad allenarmi. Qualche hanno fa ho corso anche una maratona nel deserto di 100 chilometri e la bici mi \u00e8 rimasta dentro\u00bb<br \/>\n<strong>Ora per\u00f2 deve riprende a fare sul serio?<\/strong><br \/>\n\u00abVedremo&#8230;\u00bb<br \/>\n<strong>C&#8217;\u00e8 poco da vedere, un mezzo Ironman \u00e8 una cosa seria: bisogna nuotare per quasi 2 chilometri, perdalare per 90 e alla fine correre 21 chilometri<\/strong><br \/>\n\u00abS\u00ec, lo so, me l&#8217;hanno detto&#8230;\u00bb<br \/>\n<strong>E ci ha gi\u00e0 provato?<\/strong><br \/>\n\u00abAssolutamente no. Ci prover\u00f2 il 16 aprile in Sardegna, il giorno del Chia laguna Half triathlon&#8230;\u00bb<br \/>\n<strong>Col nuoto come va?<\/strong><br \/>\n\u00abAbbastanza male, grazie&#8230;\u00bb<br \/>\n<strong>Cio\u00e8?<\/strong><br \/>\n\u00abIo ho sempre nuotato solo al mare, in vacanza. Ora con il mio allenatore Fabio Vedana stiamo cercando di fare un discorso pi\u00f9 tecnico. E non \u00e8 facile\u00bb<br \/>\n<strong>Nel tratto in bicicletta invece non ci saranno problemi?<\/strong><br \/>\n\u00abInvece no. Correre una tappa dal Tour, un Lombardia, fare un allenamento anche di 200 chilometri \u00e8 una cosa. Devi pensare solo a far quello. Un triathlon \u00e8 completamente diverso. Devi mettere tre cose insieme, tre gesti sportivi. La difficolt\u00e0 \u00e8 quella\u00bb<br \/>\n<strong>Lei sa che la sfida della fiction che va in onda su Bike Channel \u00e8 con Migidio Bourifa?<\/strong><br \/>\n\u00abS\u00ec certo. Lui parte avvantaggiato per\u00f2&#8230;\u00bb<br \/>\n<strong>Perch\u00e8?<\/strong><br \/>\n&#8220;Perch\u00e8 \u00e8 molto pi\u00f9 giovane di me e ha spesso di correre da poco. Io invece ho smesso di gareggiare 15 anni fa. E fa differenza\u00bb<br \/>\n<strong>Quindi parte battuto&#8230;<\/strong><br \/>\n\u00abNon scherziamo, non ho mai pensato una cosa simile in vita mia. Io non faccio la gara su di lui. Cerco di fare al meglio possibile la mia. Credo che nessuno di noi due sa esattamente cosa gli aspetti. Per\u00f2 \u00e8 bello cos\u00ec. Sar\u00e0 dura. A nuoto nessuno sa come andremo, in bici forse lo batto ma poi lui mi prende di corsa. Faremo i conti alla fine&#8230;\u00bb<br \/>\n<strong>C&#8217;\u00e8 qualcosa di cui ha paura?<\/strong><br \/>\n\u00abNo. Forse di fare confusione nelle zone di cambio quando si arriva dal nuoto e si parte in bici e quando si lascia la bici per cominciare la corsa&#8230;L\u00ec mi incasino abbastanza\u00bb.<br \/>\n<strong>Per il resto \u00e8 tranquillo&#8230;<\/strong><br \/>\n\u00abBeh insomma, non \u00e8 la prima gara che faccio&#8230;L&#8217;unica cosa che un po&#8217; mi di tensione \u00e8 che devo mettere tre cose insieme. Mi ci devo abituare\u00bb<br \/>\n<strong>Deve capire cos&#8217;\u00e8 il triathlon<br \/>\n<\/strong>&#8220;S\u00ec, esatto. Ma ripeto sar\u00e0 soprattutto una sfida con me stesso, mi basta arrivare e divertirmi. Non sono pi\u00f9 un professionista che deve per forza arrivare davanti\u00bb<br \/>\n<strong>Ma l&#8217;idea di far tre sport insieme le piace?<\/strong><br \/>\n\u00abGlielo dico quando arrivo alla fine di questa storia anche se la Sardegna e Chia Laguna dove correremo sono un posto che farebbero innamorare chiunque\u00bb<br \/>\n<strong>Quindi magari continua&#8230;<br \/>\n<\/strong>\u00abDecider\u00f2 quando questo ambaradan sar\u00e0 finito. Quando arriver\u00f2 al traguardo\u00bb<br \/>\n<strong>E se scocca la scintilla?<\/strong><br \/>\n\u00abMi prenoto per i mondiali alle Hawaii\u00bb<\/p><\/blockquote>\n","protected":false},"excerpt":{"rendered":"<p><p>El Diablo si fa in tre. Ci prova almeno. Il prossimo 16 aprile Claudio Chiappucci si tuffer\u00e0 infatti nelle acque di Baia Chia in Sardegna per il Laguna Half Triathlon, un &lt;mezzo&gt; tra i pi\u00f9 belli in Italia che apre di fatto la stagione agonistica. Per lui, \u00a0che ha scritto un pezzo della storia del ciclismo, che ha vinto Milano Sanremo, tappe al Giro e al Tour, che \u00e8 stato maglia gialla fino all&#8217;ultimo giorno battuto solo nella crono finale dall&#8217;americano \u00a0Greg lemond, si tratta di una prima assoluta. Non sar\u00e0 solo una sfida con se stesso, che a 53 [&hellip;]<\/p>\n&nbsp;&nbsp;<div class=\"readmore\"><a href=\"https:\/\/blog.ilgiornale.it\/ruzzo\/2016\/03\/16\/el-diablo-e-i-triathlon-un-ambaradan\/\">Continua a leggere...<\/a><\/div><\/p>","protected":false},"author":956,"featured_media":0,"comment_status":"open","ping_status":"closed","sticky":false,"template":"","format":"standard","meta":[],"categories":[1],"tags":[80853,80871,80872,80869],"_links":{"self":[{"href":"https:\/\/blog.ilgiornale.it\/ruzzo\/wp-json\/wp\/v2\/posts\/18727"}],"collection":[{"href":"https:\/\/blog.ilgiornale.it\/ruzzo\/wp-json\/wp\/v2\/posts"}],"about":[{"href":"https:\/\/blog.ilgiornale.it\/ruzzo\/wp-json\/wp\/v2\/types\/post"}],"author":[{"embeddable":true,"href":"https:\/\/blog.ilgiornale.it\/ruzzo\/wp-json\/wp\/v2\/users\/956"}],"replies":[{"embeddable":true,"href":"https:\/\/blog.ilgiornale.it\/ruzzo\/wp-json\/wp\/v2\/comments?post=18727"}],"version-history":[{"count":7,"href":"https:\/\/blog.ilgiornale.it\/ruzzo\/wp-json\/wp\/v2\/posts\/18727\/revisions"}],"predecessor-version":[{"id":18736,"href":"https:\/\/blog.ilgiornale.it\/ruzzo\/wp-json\/wp\/v2\/posts\/18727\/revisions\/18736"}],"wp:attachment":[{"href":"https:\/\/blog.ilgiornale.it\/ruzzo\/wp-json\/wp\/v2\/media?parent=18727"}],"wp:term":[{"taxonomy":"category","embeddable":true,"href":"https:\/\/blog.ilgiornale.it\/ruzzo\/wp-json\/wp\/v2\/categories?post=18727"},{"taxonomy":"post_tag","embeddable":true,"href":"https:\/\/blog.ilgiornale.it\/ruzzo\/wp-json\/wp\/v2\/tags?post=18727"}],"curies":[{"name":"wp","href":"https:\/\/api.w.org\/{rel}","templated":true}]}}