{"id":18842,"date":"2016-04-01T18:03:11","date_gmt":"2016-04-01T16:03:11","guid":{"rendered":"https:\/\/blog.ilgiornale.it\/ruzzo\/?p=18842"},"modified":"2016-04-01T18:16:24","modified_gmt":"2016-04-01T16:16:24","slug":"maratona-milano-si-scalda","status":"publish","type":"post","link":"https:\/\/blog.ilgiornale.it\/ruzzo\/2016\/04\/01\/maratona-milano-si-scalda\/","title":{"rendered":"Maratona, Milano si scalda"},"content":{"rendered":"<p>&nbsp;<\/p>\n<p><a href=\"https:\/\/blog.ilgiornale.it\/ruzzo\/files\/2016\/04\/cbab1716-ae47-4924-a65d-c101dbd847a2.jpg\"><img loading=\"lazy\" class=\"alignleft size-medium wp-image-18843\" src=\"https:\/\/blog.ilgiornale.it\/ruzzo\/files\/2016\/04\/cbab1716-ae47-4924-a65d-c101dbd847a2-300x200.jpg\" alt=\"cbab1716-ae47-4924-a65d-c101dbd847a2\" width=\"300\" height=\"200\" srcset=\"https:\/\/blog.ilgiornale.it\/ruzzo\/files\/2016\/04\/cbab1716-ae47-4924-a65d-c101dbd847a2-300x200.jpg 300w, https:\/\/blog.ilgiornale.it\/ruzzo\/files\/2016\/04\/cbab1716-ae47-4924-a65d-c101dbd847a2.jpg 800w\" sizes=\"(max-width: 300px) 100vw, 300px\" \/><\/a><a href=\"https:\/\/blog.ilgiornale.it\/ruzzo\/files\/2016\/04\/blanca.jpg\"><img loading=\"lazy\" class=\"alignleft size-medium wp-image-18844\" src=\"https:\/\/blog.ilgiornale.it\/ruzzo\/files\/2016\/04\/blanca-300x185.jpg\" alt=\"blanca\" width=\"300\" height=\"185\" srcset=\"https:\/\/blog.ilgiornale.it\/ruzzo\/files\/2016\/04\/blanca-300x185.jpg 300w, https:\/\/blog.ilgiornale.it\/ruzzo\/files\/2016\/04\/blanca.jpg 700w\" sizes=\"(max-width: 300px) 100vw, 300px\" \/><\/a><a href=\"https:\/\/blog.ilgiornale.it\/ruzzo\/files\/2016\/04\/d7381dfc-e195-4fd8-980a-b3f1242be117.jpg\"><img loading=\"lazy\" class=\"alignleft size-medium wp-image-18851\" src=\"https:\/\/blog.ilgiornale.it\/ruzzo\/files\/2016\/04\/d7381dfc-e195-4fd8-980a-b3f1242be117-300x225.jpg\" alt=\"d7381dfc-e195-4fd8-980a-b3f1242be117\" width=\"300\" height=\"225\" srcset=\"https:\/\/blog.ilgiornale.it\/ruzzo\/files\/2016\/04\/d7381dfc-e195-4fd8-980a-b3f1242be117-300x225.jpg 300w, https:\/\/blog.ilgiornale.it\/ruzzo\/files\/2016\/04\/d7381dfc-e195-4fd8-980a-b3f1242be117.jpg 640w\" sizes=\"(max-width: 300px) 100vw, 300px\" \/><\/a>&#8220;Contando anche i cinquemila ragazzi della school marathon domenica al via ci saranno almeno ventimila atleti&#8230;\u00bb. E sono una bella cifra. Ora i conti cominciano a tornare ma in tutti questi anni, da quando si \u00e8 messo al timone della Milano marathon, al responsabile grandi eventi di Rcs <strong>Andrea Trabuio<\/strong> sono venuti un bel po\u2019 di capelli bianchi. E anche la barba. Dagli spostamenti di date, alla convivenza complicata con una citt\u00e0 che fatica a spegnere i motori per una mattinata, dai blocchi del traffico mai concessi, ai biglietti Atm quasi mai offerti da Palazzo Marino \u00a0agli atleti che devono spostarsi in metro come avviene quasi ovunque in Europa, la storia della maratona milanese \u00e8 sempre sembrato un percorso a ostacoli. Ma da qualche anno la strada \u00e8 spianata e quella che dopodomani da Porta Venezia riporter\u00e0 i maratoneti a Porta Venezia dopo aver attraversato Milano per 42 chilometri nell\u2019edizione numero 16 sembra quella giusta: \u00abS\u00ec il percorso dell\u2019anno scorso ha funzionato- spiega <strong>Trabuio<\/strong>&#8211; e quindi \u00e8 sostanzialmente confermato perch\u00e8 abbiamo studiato i punti critici del traffico cercando sempre di offrire un\u2019alternativa e di liberare le strade via via al passare della gara\u00bb.\u00a0Cos\u00ec alle 9.30 scatteranno prima i 4500 maratoneti e poi i ragazzi delle scuole e le oltre 2500 staffette. \u00abSfida nella sfida che prima del via sar\u00e0 preceduta dal ricordo di <strong>Fabrizio Cosi<\/strong>&#8211; spiega Trabuio- il capitano dei <strong>Podisti da Marte<\/strong> scomparso l\u2019ottobre scorso che tanto ha fatto per questa maratona\u00bb. \u00a0Fabrizio Cosi sar\u00e0 ricordato prima del via con una parata marziana a cui parteciper\u00e0 anche l&#8217;assessore alla sport del Comune<strong> Chiara Bisconti:<\/strong> \u00abCorrer\u00f2 con loro &#8211; spiega- per ricordare Fabrizio ma soprattutto per continuare a sostenere le attivit\u00e0 solidali dei Podisti da Marte&#8221;. Solidariet\u00e0 quindi, che vede la <strong>Europ Assistance Relay Marathon<\/strong> \u00a0a far da traino in Italia con un charity program che consente a tutti i partecipanti di correre in favore di una delle 65 organizzazioni non profit: \u00abComplessivamente dalla sua nascita nel 2010, il programma ha raccolto oltre 3 milioni di Euro- spiega Trabuio- Il nostro obiettivo \u00e8 quello di diffondere un approccio \u201canglosassone\u201d, coinvolgendo attivamente i partecipanti in una campagna solidale di cui farsi direttamente portavoce, promotori e sostenitori\u00bb. Al via nelle staffette anche <strong>Linus, Davide Cassani, Stefano Baldini e Ottaviano Andriani<\/strong> che correranno per Enervit, <strong>Franco Baresi e Serginho<\/strong> che saranno al via con la Fondazione Milan, l\u2019assessore<strong> Antonio Rossi e Jury Chechi<\/strong> con la Onlus Dianova e il campione del mondo della 100 chilometri <strong>Giorgio Calcaterra<\/strong> che correr\u00e0 per Sport Senza Frontiere onlus che ha come obiettivo l&#8217;integrazione sociale e la prevenzione sanitaria nei confronti di bambini in condizioni disagiate attraverso lo pratica sportiva.\u00a0L\u2019obiettivo tecnico \u00e8 invece quello di una gara record: \u00abAbbiamo velocizzato ulteriormente il percorso per attaccare il tempo di 2h07\u201917\u2019\u2019 che \u00e8 la miglior prestazione all-time in Italia- spiega <strong>Paolo Bellino,<\/strong> direttore generale di RCS Sport- Vogliamo rendere la nostra competizione la gara pi\u00f9 veloce mai corsa sul suolo italiano\u00bb.\u00a0Di sfida in sfida, tutta nuova \u00e8 anche quella televisiva che per la prima vedr\u00e0 la maratona sugli schermi di Fox Sports (canale 204, Sky) a partire dalle 10.00. Una diretta seguita con 14 telecamere e con il commento tecnico di Stefano Baldini e <strong>Lucilla Andreucci<\/strong> che affiancheranno <strong>Nicola Roggero.<\/strong> Non solo. Per la prima volta la medaglia d\u2019oro di Atene correr\u00e0 con un telecamera e un microfono dedicati raccontando la maratona nei primi dieci chilometri di staffetta. Stamattina intato in piazza Lombardia \u00e8 stato inaugurato il marathon Village: \u00abI numeri da record della Suisse Gas Milano marathon- spiega l&#8217;assessore<strong> Rossi<\/strong> che ha fatto un po&#8217; il padrone di casa- \u00a0dimostrano quanta voglia di sport e di divertimento ci sia tra la gente. E ancora una volta la corsa si conferma non solo come una delle attivit\u00e0 pi\u00f9 apprezzate, ma anche una pratica delle pi\u00f9 aggreganti&#8221;. Una community che cresce e che stamattina Blanka Vlasic , madrina della milano marathon ma soprattutto campionessa del mondo di salto in alto e argento olimpico ha tenurto a battesimo \u00a0nello store Adidas di Rumbase. \u00a0&#8220;Vogliamo che diventi la casa dei runner milanesi- spiega\u00a0<strong>Tecla Citterio<\/strong>, \u00a0A<span class=\"il\">didas<\/span> Brand Communications Director- \u00a0un\u00a0punto di incontro aperto a tutti con piani personalizzati e consigli di coach esperti .\u00a0I runners hanno vari obiettivi: alcuni vogliono migliorare il proprio personal best, alcuni corrono per liberarsi la mente, mentre altri vogliono semplicemente mantenersi in forma e divertirsi. Qualunque sia la ragione, sappiamo che i runners desiderano entrare in contatto con altre persone affini e sentirsi parte di qualcosa di pi\u00f9 grande&#8221;.\u00a0A\u00a0Milano, gli A<span class=\"il\">didas<\/span> Runners sono guidati da un team con <strong>Paolo Bellomo,<\/strong> \u00a0<strong>Giorgio Rondelli<\/strong>, coordinatore dei trainers running, \u00a0<strong>Saverio Ricciuti<\/strong>\u00a0trainer per il potenziamento, <strong>Elena Casiraghi,<\/strong> responsabile Enervit Nutrition Center e da <strong>Massimo Messina<\/strong>, \u00a0osteopata, fisioterapista e preparatore atletico.<\/p>\n","protected":false},"excerpt":{"rendered":"<p><p>&nbsp; &#8220;Contando anche i cinquemila ragazzi della school marathon domenica al via ci saranno almeno ventimila atleti&#8230;\u00bb. E sono una bella cifra. Ora i conti cominciano a tornare ma in tutti questi anni, da quando si \u00e8 messo al timone della Milano marathon, al responsabile grandi eventi di Rcs Andrea Trabuio sono venuti un bel po\u2019 di capelli bianchi. E anche la barba. Dagli spostamenti di date, alla convivenza complicata con una citt\u00e0 che fatica a spegnere i motori per una mattinata, dai blocchi del traffico mai concessi, ai biglietti Atm quasi mai offerti da Palazzo Marino \u00a0agli atleti che [&hellip;]<\/p>\n&nbsp;&nbsp;<div class=\"readmore\"><a href=\"https:\/\/blog.ilgiornale.it\/ruzzo\/2016\/04\/01\/maratona-milano-si-scalda\/\">Continua a leggere...<\/a><\/div><\/p>","protected":false},"author":956,"featured_media":0,"comment_status":"open","ping_status":"closed","sticky":false,"template":"","format":"standard","meta":[],"categories":[1],"tags":[],"_links":{"self":[{"href":"https:\/\/blog.ilgiornale.it\/ruzzo\/wp-json\/wp\/v2\/posts\/18842"}],"collection":[{"href":"https:\/\/blog.ilgiornale.it\/ruzzo\/wp-json\/wp\/v2\/posts"}],"about":[{"href":"https:\/\/blog.ilgiornale.it\/ruzzo\/wp-json\/wp\/v2\/types\/post"}],"author":[{"embeddable":true,"href":"https:\/\/blog.ilgiornale.it\/ruzzo\/wp-json\/wp\/v2\/users\/956"}],"replies":[{"embeddable":true,"href":"https:\/\/blog.ilgiornale.it\/ruzzo\/wp-json\/wp\/v2\/comments?post=18842"}],"version-history":[{"count":14,"href":"https:\/\/blog.ilgiornale.it\/ruzzo\/wp-json\/wp\/v2\/posts\/18842\/revisions"}],"predecessor-version":[{"id":18859,"href":"https:\/\/blog.ilgiornale.it\/ruzzo\/wp-json\/wp\/v2\/posts\/18842\/revisions\/18859"}],"wp:attachment":[{"href":"https:\/\/blog.ilgiornale.it\/ruzzo\/wp-json\/wp\/v2\/media?parent=18842"}],"wp:term":[{"taxonomy":"category","embeddable":true,"href":"https:\/\/blog.ilgiornale.it\/ruzzo\/wp-json\/wp\/v2\/categories?post=18842"},{"taxonomy":"post_tag","embeddable":true,"href":"https:\/\/blog.ilgiornale.it\/ruzzo\/wp-json\/wp\/v2\/tags?post=18842"}],"curies":[{"name":"wp","href":"https:\/\/api.w.org\/{rel}","templated":true}]}}