{"id":19275,"date":"2016-05-14T09:27:44","date_gmt":"2016-05-14T07:27:44","guid":{"rendered":"https:\/\/blog.ilgiornale.it\/ruzzo\/?p=19275"},"modified":"2016-05-14T09:28:09","modified_gmt":"2016-05-14T07:28:09","slug":"orgoglio-ciclistico","status":"publish","type":"post","link":"https:\/\/blog.ilgiornale.it\/ruzzo\/2016\/05\/14\/orgoglio-ciclistico\/","title":{"rendered":"Orgoglio ciclistico&#8230;"},"content":{"rendered":"<p>Oggi e domani torna a Milano il <strong>Cyclopride,<\/strong> la grande pedalata collettiva giunta alla sua quarta edizione che \u00a0lo scorso anno ha portato sulle strade della citt\u00e0 oltre 35mila ciclisti. \u00abUn giro in bicicletta in citt\u00e0, lungo un percorso protetto e senza automobili per affermare una mobilit\u00e0 pi\u00f9 dolce e sostenibile &#8211; spiegano sul sito gli organizzatori- Adatta a ogni gamba, ai bambini, alle mamme, a famiglie, singles, pensionati, rappers e tanti altri ancora&#8230;\u00bb. Ovviamente <strong>Cyclopride<\/strong> non \u00e8 solo una pedalata. Non sono solo due giorni dove, nel villaggio di \u00a0piazza del Cannone, ci saranno \u00a0incontri sulla sicurezza stradale, esibizioni di acrobati su 2 ruote, workshop sulla manutenzione e riparazione di biciclette, performance live di street artist, esposizioni delle bici pi\u00f9 matte del mondo, laboratori per bambini, animazioni per chi pedala da solo, in compagnia o con il proprio amico a quattro zampe.\u00a0<strong>Cyclopride<\/strong> \u00e8 molto di pi\u00f9 perch\u00e8, con la pedalata che partir\u00e0 \u00a0domani alle 10.45 e attraverser\u00e0 la citt\u00e0 dopo un giro di una ventina di chilometri, si vuole celebrare e promuovere la bicicletta come mezzo di trasporto e non solo come mezzo di divertimento. E il punto \u00e8 proprio questo. \u00a0Ognuno in bici \u00e8 libero di fare ci\u00f2 che vuole. Divertirsi, allenarsi, far gare, muoversi, lavorare. \u00a0C&#8217;\u00e8 anche chi in bici \u00e8 convinto di salvare il mondo, ma questo \u00e8 un altro discorso. In realt\u00e0 la bici non ha bisogno di etichette. La bici va da sola, indipendentemente da chi si metta in sella a pedalare. Non ha colori ne tessere politiche. La bicicletta, usando una sintesi che forse a molti non piacer\u00e0, \u00e8 furba, furbissima. Ed \u00e8 furbo \u00e8 chi la usa. Perch\u00e8 nel caos sistematico delle citt\u00e0 \u00e8 il mezzo pi\u00f9 veloce, perch\u00e8 pedalando te ne freghi di Area C, di divieti di sosta, di telecamere in agguato, perch\u00e8 il tragitto casa lavoro non diventa fattore di stress ma di svago, perch\u00e8 pedalare un&#8217;oretta al giorno fa bene, perch\u00e8 non c&#8217;\u00e8 bisogno i fermarsi da benzinaio a far gasolio, perch\u00e8 non si pagano bolli, tasse e gabelle varie, perch\u00e8 non c&#8217;\u00e8 il problema del parcheggio. Pu\u00f2 bastare? Il Cyclopride domani, senza bisogno di sbandierarle, racconter\u00e0 a Milano tutte queste cose. Al di l\u00e0 delle inutili guerre ciclisti contro automobilisti, pedoni contro ciclisti, pedoni-automobilisti-motociclisti contro ciclisti. Inutili perch\u00e8 la mobilit\u00e0 sono tutte queste cose insieme con le regole che fissano il gioco e perch\u00e8 spesso tutti noi siamo gli uni o gli altri in momenti diversi della giornata. \u00a0Ma <strong>Cyclopride<\/strong> sar\u00e0 orgoglio ciclistico perch\u00e8, anche quest&#8217;anno, \u00a0si lega a <strong>Cbm Italia onlus<\/strong>, una delle pi\u00f9 grandi organizzazioni umanitarie internazionali impegnata nella prevenzione e cura della cecit\u00e0 e disabilit\u00e0 nei Paesi del Sud del mondo, che aprir\u00e0 la pedalata di domenica insieme alle allieve di Mamme in Bici, la scuola di bicicletta per le donne di ogni Paese. E la differenza \u00e8 anche questa. Perch\u00e8 ci si muove quasi sempre per se stessi in modo frettoloso e isterico ma pedalando si riesce anche a dare una mano a chi ne ha bisogno&#8230;<\/p>\n","protected":false},"excerpt":{"rendered":"<p><p>Oggi e domani torna a Milano il Cyclopride, la grande pedalata collettiva giunta alla sua quarta edizione che \u00a0lo scorso anno ha portato sulle strade della citt\u00e0 oltre 35mila ciclisti. \u00abUn giro in bicicletta in citt\u00e0, lungo un percorso protetto e senza automobili per affermare una mobilit\u00e0 pi\u00f9 dolce e sostenibile &#8211; spiegano sul sito gli organizzatori- Adatta a ogni gamba, ai bambini, alle mamme, a famiglie, singles, pensionati, rappers e tanti altri ancora&#8230;\u00bb. Ovviamente Cyclopride non \u00e8 solo una pedalata. Non sono solo due giorni dove, nel villaggio di \u00a0piazza del Cannone, ci saranno \u00a0incontri sulla sicurezza stradale, esibizioni [&hellip;]<\/p>\n&nbsp;&nbsp;<div class=\"readmore\"><a href=\"https:\/\/blog.ilgiornale.it\/ruzzo\/2016\/05\/14\/orgoglio-ciclistico\/\">Continua a leggere...<\/a><\/div><\/p>","protected":false},"author":956,"featured_media":0,"comment_status":"open","ping_status":"closed","sticky":false,"template":"","format":"standard","meta":[],"categories":[1],"tags":[80966,80820],"_links":{"self":[{"href":"https:\/\/blog.ilgiornale.it\/ruzzo\/wp-json\/wp\/v2\/posts\/19275"}],"collection":[{"href":"https:\/\/blog.ilgiornale.it\/ruzzo\/wp-json\/wp\/v2\/posts"}],"about":[{"href":"https:\/\/blog.ilgiornale.it\/ruzzo\/wp-json\/wp\/v2\/types\/post"}],"author":[{"embeddable":true,"href":"https:\/\/blog.ilgiornale.it\/ruzzo\/wp-json\/wp\/v2\/users\/956"}],"replies":[{"embeddable":true,"href":"https:\/\/blog.ilgiornale.it\/ruzzo\/wp-json\/wp\/v2\/comments?post=19275"}],"version-history":[{"count":1,"href":"https:\/\/blog.ilgiornale.it\/ruzzo\/wp-json\/wp\/v2\/posts\/19275\/revisions"}],"predecessor-version":[{"id":19276,"href":"https:\/\/blog.ilgiornale.it\/ruzzo\/wp-json\/wp\/v2\/posts\/19275\/revisions\/19276"}],"wp:attachment":[{"href":"https:\/\/blog.ilgiornale.it\/ruzzo\/wp-json\/wp\/v2\/media?parent=19275"}],"wp:term":[{"taxonomy":"category","embeddable":true,"href":"https:\/\/blog.ilgiornale.it\/ruzzo\/wp-json\/wp\/v2\/categories?post=19275"},{"taxonomy":"post_tag","embeddable":true,"href":"https:\/\/blog.ilgiornale.it\/ruzzo\/wp-json\/wp\/v2\/tags?post=19275"}],"curies":[{"name":"wp","href":"https:\/\/api.w.org\/{rel}","templated":true}]}}