{"id":19626,"date":"2016-07-01T20:47:02","date_gmt":"2016-07-01T18:47:02","guid":{"rendered":"https:\/\/blog.ilgiornale.it\/ruzzo\/?p=19626"},"modified":"2016-07-01T20:52:52","modified_gmt":"2016-07-01T18:52:52","slug":"formula-bici-il-ciclsmo-va-in-fuga","status":"publish","type":"post","link":"https:\/\/blog.ilgiornale.it\/ruzzo\/2016\/07\/01\/formula-bici-il-ciclsmo-va-in-fuga\/","title":{"rendered":"Formula bici, il ciclismo va in fuga&#8230;"},"content":{"rendered":"<div class=\"chapter clearfix\">\n<p class=\"chapter-paragraph\"><a href=\"https:\/\/blog.ilgiornale.it\/ruzzo\/files\/2016\/07\/granfondo-roma.jpg\"><img loading=\"lazy\" class=\"alignleft size-medium wp-image-19632\" src=\"https:\/\/blog.ilgiornale.it\/ruzzo\/files\/2016\/07\/granfondo-roma-300x200.jpg\" alt=\"granfondo-roma\" width=\"300\" height=\"200\" srcset=\"https:\/\/blog.ilgiornale.it\/ruzzo\/files\/2016\/07\/granfondo-roma-300x200.jpg 300w, https:\/\/blog.ilgiornale.it\/ruzzo\/files\/2016\/07\/granfondo-roma-1024x683.jpg 1024w, https:\/\/blog.ilgiornale.it\/ruzzo\/files\/2016\/07\/granfondo-roma.jpg 1600w\" sizes=\"(max-width: 300px) 100vw, 300px\" \/><\/a>C&#8217;\u00e8 un ciclismo che si stacca e un altro che prova ad andare in fuga. &#8220;Pi\u00f9 sicurezza, la possibilit\u00e0 di porsi come interlocutore qualificato con le amministrazioni comunali, uno standard di qualit\u00e0 alto che valga il prezzo del pettorale ma soprattutto l&#8217;idea che si possa correre una granfondo con lo spirito che non sia quello dei fissati, depilati e agonisti a tutti i costi. Ma con la voglia di pedalare, di divertirsi e di fare qualcosa che ci faccia star bene&#8230;.&#8221;. <strong>Gianluca Santilli<\/strong>,\u00a0\u00a0responsabile del settore amatoriale della Federazione italiana e l\u2019organizzatore della\u00a0<strong>Granfondo ciclistica di Roma<\/strong>, \u00a0dopo quella della Bikeconomy lancia una nuova sfida. \u00a0Lancia <strong>Formula Bici, <\/strong>una\u00a0associazione che raccoglie 13 organizzatori di importanti eventi ciclisti ( Chianti Classic, Giro Sardegna, GF Campagnolo Roma, GF La Campionissimo, GF Cooperatori, GF Fausto Coppi, GF Gimondi, GF Stelvio Santini, GF Strade Bianche, L\u2019Eroica, Maratona dles Dolomites, Sportful Race e per la mountain bike Dolomiti Superbike) \u00a0e che vuole diventare \u00a0un\u00a0punto di riferimento nel mondo dell gare amatoriali che ormai sono diventate infinite e non sempre all&#8217;altezza. &#8220;S\u00ec il progetto a grandi linee \u00e8 questo- racconta <strong>Santilli<\/strong>&#8211; e l&#8217;obbiettivo \u00e8 di far fare al ciclismo delle grandi gare amatoriali un salto di qualit\u00e0 definitivo ponendosi come \u00a0interlocutore autorevole nei confronti di \u00a0amministrazioni, istituzioni, politici, produttori, per tutto quanto concerne il cicloturismo e la ciclo-mobilit\u00e0 urbana\u00bb. \u00a0Le linee guida fissate da <strong>Formula Bici<\/strong> sono chiare, tendono a scremare un movimento dove molto spesso oggi si improvvisa e , soprattutto quando si parla di sicurezza, \u00a0dove non \u00e8 pi\u00f9 ammissibile nessuna improvvisazione: &#8220;Ci\u00f2 che \u00e8 successo in una granfondo siciliana ad Agrigento dove il traffico non era stato chiuso e ci sono stati dei morti non deve pi\u00f9 succedere- spiega <strong>Santilli-<\/strong> La sicurezza quando si parla di manifestazioni sportive ciclistiche deve essere il primo punto nell&#8217;agenda degli organizzatori&#8221;. Impossibile non essere d&#8217;accordo. Ma Formula Bici andr\u00e0 oltre. \u00a0Le gare che entreranno a far parte di questo circuito avranno per cos\u00ec dire un bollino di qualit\u00e0, che garantir\u00e0 standard qualitativi di primo piano, \u00a0assicurazioni, \u00a0facilit\u00e0 nelle iscrizioni, un cartello ufficiale di fornitori, una centrale di acquisto che permetter\u00e0 di ottenere agevolazioni con i produttori e con gli sponsor.\u00a0\u00abIl progetto \u00e8 decisamente importante ed \u00e8 significativo che operi sotto il cappello della Federazione Ciclistica insieme a quello degli Enti di Promozione Sportiva- ha spiegato il presidente del Coni <strong>Giovanni Malag\u00f2<\/strong>&#8211; Far crescere le granfondo e le attivit\u00e0 del ciclismo per tutti \u00e8 un obbiettivo encomiabile ed \u00e8 importante anche che l\u2019iniziativa serva ad evitare situazioni, ad esempio, come quelle delle due maratone, prima e terza in Italia, di Roma e Milano che per il 2017 hanno scelto la stessa data\u00bb. Per <strong>Renato Di Rocco<\/strong>, presidente di Federciclismo, l&#8217;iniziativa servir\u00e0 a mettere un po&#8217; di ordine in un movimento dove troppo spesso ognuno pensa per s\u00e8: \u00abE&#8217; encomiabile che un gruppo di organizzatori pensino non solo al proprio evento, ma mettano in primo piano gli sforzi per arrivare ad una sintesi per il futuro ed il bene del ciclismo amatoriale e per tutti. \u00c9 importante trovare un denominatore comune per chi interpreta il ciclismo a diversi livelli. \u00c8 fondamentale privilegiare la salute e la sicurezza di chi va in bici e non solo a livello agonistico\u00bb.\u00a0<strong>Formula Bici<\/strong> ha anche un comitato scientifico di cui fanno parte appassionati di ciclismo ma soprattutto &#8220;tecnici&#8221; con esperienza di gestione degli eventi e dell&#8217;ordine pubblico \u00a0come <strong>Matteo Piantedosi<\/strong>, vice direttore generale della Polizia di Stato, e <strong>Roberto Sgalla,<\/strong> capo delle specialit\u00e0 di Polizia, entrambi con la passione del ciclismo che scorre nelle vene. &#8220;Ci sono le persone che servono- conclude <strong>Santilli<\/strong>&#8211; e soprattutto c&#8217;\u00e8 l&#8217;entusiasmo che ci vuole. Elementi indispensabili per creare quello che vuole essere un club virtuoso a cui chiunque pu\u00f2 dare un contributo per far crescere questo tipo di ciclismo. Che deve avere qualit\u00e0 e certezze, altrimenti rischia di perdersi&#8230;&#8221;<\/p>\n<\/div>\n","protected":false},"excerpt":{"rendered":"<p><p>C&#8217;\u00e8 un ciclismo che si stacca e un altro che prova ad andare in fuga. &#8220;Pi\u00f9 sicurezza, la possibilit\u00e0 di porsi come interlocutore qualificato con le amministrazioni comunali, uno standard di qualit\u00e0 alto che valga il prezzo del pettorale ma soprattutto l&#8217;idea che si possa correre una granfondo con lo spirito che non sia quello dei fissati, depilati e agonisti a tutti i costi. Ma con la voglia di pedalare, di divertirsi e di fare qualcosa che ci faccia star bene&#8230;.&#8221;. Gianluca Santilli,\u00a0\u00a0responsabile del settore amatoriale della Federazione italiana e l\u2019organizzatore della\u00a0Granfondo ciclistica di Roma, \u00a0dopo quella della Bikeconomy lancia [&hellip;]<\/p>\n&nbsp;&nbsp;<div class=\"readmore\"><a href=\"https:\/\/blog.ilgiornale.it\/ruzzo\/2016\/07\/01\/formula-bici-il-ciclsmo-va-in-fuga\/\">Continua a leggere...<\/a><\/div><\/p>","protected":false},"author":956,"featured_media":0,"comment_status":"open","ping_status":"closed","sticky":false,"template":"","format":"standard","meta":[],"categories":[1],"tags":[81009,80765,36297,81010],"_links":{"self":[{"href":"https:\/\/blog.ilgiornale.it\/ruzzo\/wp-json\/wp\/v2\/posts\/19626"}],"collection":[{"href":"https:\/\/blog.ilgiornale.it\/ruzzo\/wp-json\/wp\/v2\/posts"}],"about":[{"href":"https:\/\/blog.ilgiornale.it\/ruzzo\/wp-json\/wp\/v2\/types\/post"}],"author":[{"embeddable":true,"href":"https:\/\/blog.ilgiornale.it\/ruzzo\/wp-json\/wp\/v2\/users\/956"}],"replies":[{"embeddable":true,"href":"https:\/\/blog.ilgiornale.it\/ruzzo\/wp-json\/wp\/v2\/comments?post=19626"}],"version-history":[{"count":5,"href":"https:\/\/blog.ilgiornale.it\/ruzzo\/wp-json\/wp\/v2\/posts\/19626\/revisions"}],"predecessor-version":[{"id":19637,"href":"https:\/\/blog.ilgiornale.it\/ruzzo\/wp-json\/wp\/v2\/posts\/19626\/revisions\/19637"}],"wp:attachment":[{"href":"https:\/\/blog.ilgiornale.it\/ruzzo\/wp-json\/wp\/v2\/media?parent=19626"}],"wp:term":[{"taxonomy":"category","embeddable":true,"href":"https:\/\/blog.ilgiornale.it\/ruzzo\/wp-json\/wp\/v2\/categories?post=19626"},{"taxonomy":"post_tag","embeddable":true,"href":"https:\/\/blog.ilgiornale.it\/ruzzo\/wp-json\/wp\/v2\/tags?post=19626"}],"curies":[{"name":"wp","href":"https:\/\/api.w.org\/{rel}","templated":true}]}}