{"id":19846,"date":"2016-07-23T15:56:42","date_gmt":"2016-07-23T13:56:42","guid":{"rendered":"https:\/\/blog.ilgiornale.it\/ruzzo\/?p=19846"},"modified":"2016-07-23T15:56:42","modified_gmt":"2016-07-23T13:56:42","slug":"pesci-combattenti-verso-rio","status":"publish","type":"post","link":"https:\/\/blog.ilgiornale.it\/ruzzo\/2016\/07\/23\/pesci-combattenti-verso-rio\/","title":{"rendered":"Pesci combattenti verso Rio"},"content":{"rendered":"<p>[youtube avE_ISY8344]<\/p>\n<p>I \u00abPesci Combattenti\u00bb vanno verso Rio. I pesci combattenti sono un gruppo di ragazzi del nuoto paralimpico che vanno verso le olimpiadi brasiliane e raccontano in un film-documentario la loro sfida. Una storia lunga un anno raccontata dal girnalista del Sole 24 Ore <strong>Riccardo Barlaam<\/strong> e da <strong>Dario Ricci<\/strong>. Una produzione a zero risorse che fa rivivere l&#8217;avventura di un gruppo di ragazze e ragazzi, tutti \u00abcampioni di nuoto paralimpico\u00bb e della loro preparazione a Milano verso i Giochi Paralimpici di Rio de Janeiro in programma dal 7 al 18 settembre. Una spedizione realizzata \u00a0con il progetto AcquaRio, un team multidisciplinare che coinvolge allenatori, dietologi, psicologi, preparatori atletici. I \u00abPesci Combattenti\u00bb sono Federico Morlacchi, Arjola Trimi, Alessia Berra, Arianna Talamona, Giulia Ghiretti, Fabrizio Sottile, Francesca Secci, Simone Barlaam e Giuseppe Romele. Giovani con storie e disabilit\u00e0 diverse che arrivano da citt\u00e0 diverse ed esprienze diverse e che per\u00f2 in questo anno di allenamenti e\u00a0\u00a0sacrifici sono diventati una squadra. \u00abPesci combattenti\u00bb racconta il loro sogno. la fatica, il sudore mischiato all&#8217;acqua, gli allenamenti quotidiani, la piscina e la palestra. \u00abNon sono star da copertine patinate- racconta Barlaam- Ma campioni lo sono davvero. E guardare loro, il loro esempio, ammirare la loro tenacia fa riscoprire il senso dello sport, quello vero. A loro \u00e8 dedicata la storia dei Pesci Combattenti\u00bb.<\/p>\n","protected":false},"excerpt":{"rendered":"<p><p>[youtube avE_ISY8344] I \u00abPesci Combattenti\u00bb vanno verso Rio. I pesci combattenti sono un gruppo di ragazzi del nuoto paralimpico che vanno verso le olimpiadi brasiliane e raccontano in un film-documentario la loro sfida. Una storia lunga un anno raccontata dal girnalista del Sole 24 Ore Riccardo Barlaam e da Dario Ricci. Una produzione a zero risorse che fa rivivere l&#8217;avventura di un gruppo di ragazze e ragazzi, tutti \u00abcampioni di nuoto paralimpico\u00bb e della loro preparazione a Milano verso i Giochi Paralimpici di Rio de Janeiro in programma dal 7 al 18 settembre. Una spedizione realizzata \u00a0con il progetto AcquaRio, [&hellip;]<\/p>\n&nbsp;&nbsp;<div class=\"readmore\"><a href=\"https:\/\/blog.ilgiornale.it\/ruzzo\/2016\/07\/23\/pesci-combattenti-verso-rio\/\">Continua a leggere...<\/a><\/div><\/p>","protected":false},"author":956,"featured_media":0,"comment_status":"open","ping_status":"closed","sticky":false,"template":"","format":"standard","meta":[],"categories":[1],"tags":[],"_links":{"self":[{"href":"https:\/\/blog.ilgiornale.it\/ruzzo\/wp-json\/wp\/v2\/posts\/19846"}],"collection":[{"href":"https:\/\/blog.ilgiornale.it\/ruzzo\/wp-json\/wp\/v2\/posts"}],"about":[{"href":"https:\/\/blog.ilgiornale.it\/ruzzo\/wp-json\/wp\/v2\/types\/post"}],"author":[{"embeddable":true,"href":"https:\/\/blog.ilgiornale.it\/ruzzo\/wp-json\/wp\/v2\/users\/956"}],"replies":[{"embeddable":true,"href":"https:\/\/blog.ilgiornale.it\/ruzzo\/wp-json\/wp\/v2\/comments?post=19846"}],"version-history":[{"count":4,"href":"https:\/\/blog.ilgiornale.it\/ruzzo\/wp-json\/wp\/v2\/posts\/19846\/revisions"}],"predecessor-version":[{"id":19894,"href":"https:\/\/blog.ilgiornale.it\/ruzzo\/wp-json\/wp\/v2\/posts\/19846\/revisions\/19894"}],"wp:attachment":[{"href":"https:\/\/blog.ilgiornale.it\/ruzzo\/wp-json\/wp\/v2\/media?parent=19846"}],"wp:term":[{"taxonomy":"category","embeddable":true,"href":"https:\/\/blog.ilgiornale.it\/ruzzo\/wp-json\/wp\/v2\/categories?post=19846"},{"taxonomy":"post_tag","embeddable":true,"href":"https:\/\/blog.ilgiornale.it\/ruzzo\/wp-json\/wp\/v2\/tags?post=19846"}],"curies":[{"name":"wp","href":"https:\/\/api.w.org\/{rel}","templated":true}]}}