{"id":19920,"date":"2016-07-26T16:47:29","date_gmt":"2016-07-26T14:47:29","guid":{"rendered":"https:\/\/blog.ilgiornale.it\/ruzzo\/?p=19920"},"modified":"2016-07-26T17:00:27","modified_gmt":"2016-07-26T15:00:27","slug":"degasperi-un-azzurro-alle-hawaii","status":"publish","type":"post","link":"https:\/\/blog.ilgiornale.it\/ruzzo\/2016\/07\/26\/degasperi-un-azzurro-alle-hawaii\/","title":{"rendered":"Degasperi, un azzurro alle Hawaii"},"content":{"rendered":"<p><a href=\"https:\/\/blog.ilgiornale.it\/ruzzo\/files\/2016\/07\/deg1.jpg\"><img loading=\"lazy\" class=\"alignleft size-medium wp-image-19928\" src=\"https:\/\/blog.ilgiornale.it\/ruzzo\/files\/2016\/07\/deg1-300x200.jpg\" alt=\"deg\" width=\"300\" height=\"200\" srcset=\"https:\/\/blog.ilgiornale.it\/ruzzo\/files\/2016\/07\/deg1-300x200.jpg 300w, https:\/\/blog.ilgiornale.it\/ruzzo\/files\/2016\/07\/deg1.jpg 720w\" sizes=\"(max-width: 300px) 100vw, 300px\" \/><\/a>A gennaio l&#8217;aveva quasi promesso: &#8220;Kona? Ci conto&#8230;&#8221;. Ed ora i conti tornano perch\u00e8 <strong>Alessandro Degasperi<\/strong> alle Hawaii, per la finale che si correr\u00e0 il prossimo 8 ottobre, ci andr\u00e0. E con tutti i meriti che gli spettano, ringraziando amici e sponsor, ma soprattutto se stesso e la sua caparbiet\u00e0. Un sogno, ma forse sarebbe meglio parlare di un progetto perch\u00e8 nello sport nulla cade dal cielo se non si pianifica, \u00a0che l&#8217;azzurro della Val di Fiemme aveva cominciato a costruire a gennaio, quando a Lanzarote, dove pochi mesi prima aveva vinto il suo primo Ironman (il &#8220;Mas Duro&#8221;), era salito sul gradino pi\u00f9 alto del podio nel duathlon international al Club La Santa. Un buon segno. Forse il segnale che questo sarebbe stato l&#8217;anno buono. E cos\u00ec \u00a0proprio da Lanzarote era cominciato l&#8217;inseguimento a quella che resta la gara pi\u00f9 ambita per chi fa questo &#8220;mestiere&#8221;. Ambita, desiderata e rincorsa quanto un&#8217;olimpiade che De Gasperi aveva sfiorato a Pechino \u00a0e che solo un infortunio gli aveva portato via all&#8217;ultimo momento. E allora per un sogno che resta in un cassetto ce n&#8217;\u00e8 un altro da andarsi a prendere, conquistato con un anno da incorniciare con la storica vittoria dell\u2019IM Lanzarote, \u00a0con il podio di Klagenfurt, una delle gare pi\u00f9 belle e storiche del circuito e con un punteggio di 4460 totalizzato in 5 gare. \u00a0<strong>\u201cIl Dega\u201d<\/strong>\u00a0, come lo chiamano i suoi tifosi, \u00e8 risultato 32\u00b0 tra i primi 35 atleti del mondo e primo ed al momento \u00e8 l unico italiano che sulla spiaggia del \u201cKona Beach Hotel\u201d \u00a0prover\u00e0 a difendere i colori azzurria. Una bella soddisfazione ma anche una bella responsabilit\u00e0\u00a0\u201cE\u2019 sicuramente la pi\u00f9 grande soddisfazione per me e per tutti quelli che mi hanno aiutato ad arrivare fin qui- racconta-. Adesso, con in tasca questo biglietto che era uno degli obiettivi della stagione, bisogna lavorare ancora di pi\u00f9 e meglio, perch\u00e9 Kona non \u00e8 un punto di arrivo ma una nuova base di partenza&#8221;.\u00a0All\u2019arrivo dell\u2019Ironman di Lanzarote, dove questa qualificazione ha iniziato a prendere corpo, \u00a0la foto che fece il giro dei siti e dei social fu quella di <strong>Degasperi<\/strong> con sua moglie e suo figlio. Un&#8217;immagine che d\u00e0 il senso pieno di questo atleta: &#8220;Quando posso- mi aveva raccontato dopo quella vittoria- li\u00a0porto sempre con me. \u00a0Sono il motore delle mie vittorie e la famiglia per me viene prima di ogni cosa mi d\u00e0 tranquillit\u00e0, mi rasserena ed \u00e8 stata fondamentale nella mia carriera visto che mi sono sposato giovane ed ho avuto un figlio molto presto\u201d. Poi c&#8217;\u00e8 tutto il resto.\u00a0Serve allenarsi, bisogna crederci, ma serve anche po&#8217; fortuna. \u00a0Cos\u00ec dopo la iella degli anni passati, una caduta e un intervento chirurgico, si torna. \u00a0E si torna pi\u00f9 forte che mai perch\u00e8 campioni tornano sempre e vanno a riscuotere \u00a0i crediti che hanno in sospeso con il destino.\u00a0Ora c&#8217;\u00e8 \u00a0sereno all\u2019orizzonte. Ora Degasperi \u00a0pu\u00f2 riprendere a guardare avanti, alzando lo sguardo oltre le Cime delle sue Dolomiti&#8230;E \u00a0pu\u00f2 cominciare a scrutare il mare delle Hawaii&#8230;<\/p>\n","protected":false},"excerpt":{"rendered":"<p><p>A gennaio l&#8217;aveva quasi promesso: &#8220;Kona? Ci conto&#8230;&#8221;. Ed ora i conti tornano perch\u00e8 Alessandro Degasperi alle Hawaii, per la finale che si correr\u00e0 il prossimo 8 ottobre, ci andr\u00e0. E con tutti i meriti che gli spettano, ringraziando amici e sponsor, ma soprattutto se stesso e la sua caparbiet\u00e0. Un sogno, ma forse sarebbe meglio parlare di un progetto perch\u00e8 nello sport nulla cade dal cielo se non si pianifica, \u00a0che l&#8217;azzurro della Val di Fiemme aveva cominciato a costruire a gennaio, quando a Lanzarote, dove pochi mesi prima aveva vinto il suo primo Ironman (il &#8220;Mas Duro&#8221;), era [&hellip;]<\/p>\n&nbsp;&nbsp;<div class=\"readmore\"><a href=\"https:\/\/blog.ilgiornale.it\/ruzzo\/2016\/07\/26\/degasperi-un-azzurro-alle-hawaii\/\">Continua a leggere...<\/a><\/div><\/p>","protected":false},"author":956,"featured_media":0,"comment_status":"open","ping_status":"closed","sticky":false,"template":"","format":"standard","meta":[],"categories":[1],"tags":[],"_links":{"self":[{"href":"https:\/\/blog.ilgiornale.it\/ruzzo\/wp-json\/wp\/v2\/posts\/19920"}],"collection":[{"href":"https:\/\/blog.ilgiornale.it\/ruzzo\/wp-json\/wp\/v2\/posts"}],"about":[{"href":"https:\/\/blog.ilgiornale.it\/ruzzo\/wp-json\/wp\/v2\/types\/post"}],"author":[{"embeddable":true,"href":"https:\/\/blog.ilgiornale.it\/ruzzo\/wp-json\/wp\/v2\/users\/956"}],"replies":[{"embeddable":true,"href":"https:\/\/blog.ilgiornale.it\/ruzzo\/wp-json\/wp\/v2\/comments?post=19920"}],"version-history":[{"count":7,"href":"https:\/\/blog.ilgiornale.it\/ruzzo\/wp-json\/wp\/v2\/posts\/19920\/revisions"}],"predecessor-version":[{"id":19929,"href":"https:\/\/blog.ilgiornale.it\/ruzzo\/wp-json\/wp\/v2\/posts\/19920\/revisions\/19929"}],"wp:attachment":[{"href":"https:\/\/blog.ilgiornale.it\/ruzzo\/wp-json\/wp\/v2\/media?parent=19920"}],"wp:term":[{"taxonomy":"category","embeddable":true,"href":"https:\/\/blog.ilgiornale.it\/ruzzo\/wp-json\/wp\/v2\/categories?post=19920"},{"taxonomy":"post_tag","embeddable":true,"href":"https:\/\/blog.ilgiornale.it\/ruzzo\/wp-json\/wp\/v2\/tags?post=19920"}],"curies":[{"name":"wp","href":"https:\/\/api.w.org\/{rel}","templated":true}]}}