{"id":19984,"date":"2016-07-30T08:46:00","date_gmt":"2016-07-30T06:46:00","guid":{"rendered":"https:\/\/blog.ilgiornale.it\/ruzzo\/?p=19984"},"modified":"2016-07-30T08:47:07","modified_gmt":"2016-07-30T06:47:07","slug":"ciclovie-si-comincia-a-pedalare","status":"publish","type":"post","link":"https:\/\/blog.ilgiornale.it\/ruzzo\/2016\/07\/30\/ciclovie-si-comincia-a-pedalare\/","title":{"rendered":"Ciclovie, si comincia a pedalare"},"content":{"rendered":"<p><a href=\"https:\/\/blog.ilgiornale.it\/ruzzo\/files\/2016\/07\/bicitalia1.jpg\"><img loading=\"lazy\" class=\"alignleft size-medium wp-image-19990\" src=\"https:\/\/blog.ilgiornale.it\/ruzzo\/files\/2016\/07\/bicitalia1-300x155.jpg\" alt=\"bicitalia1\" width=\"300\" height=\"155\" srcset=\"https:\/\/blog.ilgiornale.it\/ruzzo\/files\/2016\/07\/bicitalia1-300x155.jpg 300w, https:\/\/blog.ilgiornale.it\/ruzzo\/files\/2016\/07\/bicitalia1.jpg 564w\" sizes=\"(max-width: 300px) 100vw, 300px\" \/><\/a>La firma di due ministri c&#8217;\u00e8. Ci sono gi\u00e0 \u00a0otto regioni coinvolte e ci dovrebbero essere anche un po&#8217; di soldini perch\u00e8 dalla legge di stabilit\u00e0 dovrebbero arrivare 91 mlioni. Letta cos\u00ec per le ciclovie italiane i prossimi potrebbero essere gli anni della svolta. Ma \u00e8 ovvio che questo \u00e8 solo il primo passo. \u00a0&#8220;questo \u00e8\u00a0primo concreto segnale del Governo a favore della mobilit\u00e0 sulle due ruote- spiega la Presidente di <strong>Fiab-Federazione Italiana Amici della Bicicletta, Giulietta Pagliaccio<\/strong>&#8211;\u00a0Ci troviamo di fronte all&#8217;avvio di una fase nuova per il nostro Paese nella quale si riconosce, finalmente, il ruolo forte e attivo della mobilit\u00e0 ciclistica. L&#8217;auspicio \u00e8 che venga ora approvata rapidamente anche la Legge Quadro Nazionale sulla Mobilit\u00e0 Ciclistica, con lo stanziamento di ulteriori risorse per nuove ciclovie, all&#8217;interno di un Piano nazionale organico e coerente con le peculiarit\u00e0 del territorio&#8221;. Ci sono le condizioni per partire quindi. La\u00a0firma ai protocolli d&#8217;intesa \u00e8 stata messa nei giorni scors dai Ministri <strong>Graziano Del Rio<\/strong> e <strong>Dario Franceschini<\/strong> e dei rappresentanti delle otto Regioni coinvolte &#8211; Lombardia, Veneto, Emilia Romagna, Piemonte, Toscana, Campania, Basilicata e Puglia &#8211; e il piano prevede la realizzazione delle prime ciclovie nazionali. Un progetto &#8220;antico&#8221; che \u00a0dovrebbe muoversi su uno\u00a0studio della rete nazionale di percorribilit\u00e0 ciclistica affidato dal Ministero dell&#8217;Ambiente alla Fiab gi\u00e0 alla fine degli anni Novanta, lavoro che ha dato vita a<strong> Bicitalia<\/strong> (<span style=\"text-decoration: underline\"><a href=\"http:\/\/www.bicitalia.org\/\" target=\"_blank\">www.bicitalia.org<\/a><\/span>), la prima rete nazionale di ciclovie turistiche con oltre 20.000 km mappati da Fiab, 5.000 dei quali corrispondenti a tratte italiane di tre grandi itinerari<i> EuroVelo<\/i>, la rete ciclabile europea di cui Fiab \u00e8 coordinatore per l&#8217;Italia.\u00a0&#8220;Il cammino \u00e8 solo all&#8217;inizio &#8211; prosegue la Pagliaccio &#8211; e \u00a0come principale associazione di ciclisti non sportivi, continueremo a chiamare all&#8217;appello le amministrazioni locali affinch\u00e9 inseriscano al primo posto in agenda, nelle loro politiche per la mobilit\u00e0 sostenibile, bicicletta e ciclabilit\u00e0&#8221;. Non solo. La\u00a0Federazione metter\u00e0 a disposizione know-how e competenze tecniche per sostenere chi \u00a0ha bisogno di consulenza nella progettazione e nello studio di fattibilit\u00e0 di ciclovie e\/o percorsi ciclopedonali e cicloturistici, per i quali chiedere anche finanziamenti pubblici.\u00a0Tra gli itinerari a cui FIAB sta lavorando, merita sicuramente un&#8217;attenzione particolare la <b>Ciclovia Francigena, <\/b>oltre 1.700 km dalla Svizzera a Brindisi, verso la quale si sono dimostrate interessate alcune regioni come la Toscana\u00a0e che in tremini e conomici per L?italia potrebbe rappresentare<i>\u00a0<\/i>quello che oggi \u00e8 il Cammino di Santiago per la Spagna. Ma anche<i>\u00a0<\/i>la <b>Ciclovia Adriatica <\/b>di 1.300 km da Trieste a S. Maria di Leuca, in parte realizzata, in parte in cantiere \u00a0( di questi giorni la notizia che l&#8217;Abruzzo ha appaltato i 130 km di propria competenza) nel tratto che va da Termoli a Rimini.\u00a0Un appunto anche sulla <b>Ciclovia del Sole <\/b>che collega il Brennero alla Sicilia e che, nel cicloturismo, richiama quello che ha rappresentato l&#8217;autostrada del Sole per lo sviluppo del turismo in Italia. &#8220;Dopo primo tratto fino a Verona gi\u00e0 completato e il percorso &#8220;Verona-Firenze&#8221; oggetto degli ultimi finanziamenti- spiega\u00a0Antonio Dalla Venezia, coordinatore Area Cicloturismo di Fiab &#8211; stiamo lavorando per il prolungamento verso Roma, dove il progetto \u00e8 gi\u00e0 all&#8217;attenzione delle Regioni interessate e poi verso il sud. Integrata alla rete Bicitalia la Ciclovia del Sole \u00e8 il tratto italiano dell&#8217;EuroVelo 7, una ciclabile di 5.000 km per pedalare da Capo Nord a Malta&#8221;.<\/p>\n","protected":false},"excerpt":{"rendered":"<p><p>La firma di due ministri c&#8217;\u00e8. Ci sono gi\u00e0 \u00a0otto regioni coinvolte e ci dovrebbero essere anche un po&#8217; di soldini perch\u00e8 dalla legge di stabilit\u00e0 dovrebbero arrivare 91 mlioni. Letta cos\u00ec per le ciclovie italiane i prossimi potrebbero essere gli anni della svolta. Ma \u00e8 ovvio che questo \u00e8 solo il primo passo. \u00a0&#8220;questo \u00e8\u00a0primo concreto segnale del Governo a favore della mobilit\u00e0 sulle due ruote- spiega la Presidente di Fiab-Federazione Italiana Amici della Bicicletta, Giulietta Pagliaccio&#8211;\u00a0Ci troviamo di fronte all&#8217;avvio di una fase nuova per il nostro Paese nella quale si riconosce, finalmente, il ruolo forte e attivo [&hellip;]<\/p>\n&nbsp;&nbsp;<div class=\"readmore\"><a href=\"https:\/\/blog.ilgiornale.it\/ruzzo\/2016\/07\/30\/ciclovie-si-comincia-a-pedalare\/\">Continua a leggere...<\/a><\/div><\/p>","protected":false},"author":956,"featured_media":0,"comment_status":"open","ping_status":"closed","sticky":false,"template":"","format":"standard","meta":[],"categories":[1],"tags":[81014,81015,80736],"_links":{"self":[{"href":"https:\/\/blog.ilgiornale.it\/ruzzo\/wp-json\/wp\/v2\/posts\/19984"}],"collection":[{"href":"https:\/\/blog.ilgiornale.it\/ruzzo\/wp-json\/wp\/v2\/posts"}],"about":[{"href":"https:\/\/blog.ilgiornale.it\/ruzzo\/wp-json\/wp\/v2\/types\/post"}],"author":[{"embeddable":true,"href":"https:\/\/blog.ilgiornale.it\/ruzzo\/wp-json\/wp\/v2\/users\/956"}],"replies":[{"embeddable":true,"href":"https:\/\/blog.ilgiornale.it\/ruzzo\/wp-json\/wp\/v2\/comments?post=19984"}],"version-history":[{"count":8,"href":"https:\/\/blog.ilgiornale.it\/ruzzo\/wp-json\/wp\/v2\/posts\/19984\/revisions"}],"predecessor-version":[{"id":19993,"href":"https:\/\/blog.ilgiornale.it\/ruzzo\/wp-json\/wp\/v2\/posts\/19984\/revisions\/19993"}],"wp:attachment":[{"href":"https:\/\/blog.ilgiornale.it\/ruzzo\/wp-json\/wp\/v2\/media?parent=19984"}],"wp:term":[{"taxonomy":"category","embeddable":true,"href":"https:\/\/blog.ilgiornale.it\/ruzzo\/wp-json\/wp\/v2\/categories?post=19984"},{"taxonomy":"post_tag","embeddable":true,"href":"https:\/\/blog.ilgiornale.it\/ruzzo\/wp-json\/wp\/v2\/tags?post=19984"}],"curies":[{"name":"wp","href":"https:\/\/api.w.org\/{rel}","templated":true}]}}