{"id":20001,"date":"2016-07-31T20:37:59","date_gmt":"2016-07-31T18:37:59","guid":{"rendered":"https:\/\/blog.ilgiornale.it\/ruzzo\/?p=20001"},"modified":"2016-07-31T23:27:58","modified_gmt":"2016-07-31T21:27:58","slug":"pirata-sulle-bici-a-lodi-preso","status":"publish","type":"post","link":"https:\/\/blog.ilgiornale.it\/ruzzo\/2016\/07\/31\/pirata-sulle-bici-a-lodi-preso\/","title":{"rendered":"Pirata sulle bici a Lodi: preso"},"content":{"rendered":"<p>Applausi, ma non perch\u00e8 l&#8217;hanno preso e arrestato. Applausi e anche alcuni commenti per fare il tifo per chi, un paio di giorni fa a Camairago, nel Lodigiano, ha travolto una ventina di ciclisti ferendone otto di cui uno di quarant&#8217;anni che ha subito anche un delicato intervento chirurgico alla spina dorsale e ora rischia di rimanere paralizzato. Applausi ad un tentato omicidio, perch\u00e8 di ci\u00f2 si tratta. Applausi senza pensare a ci\u00f2 che si scrive o si dice, perch\u00e8 sui social ormai si mettono &#8220;mi piace&#8221; anche sulle tragedie e si scrive tutto ci\u00f2 che passa per la testa, spesso il peggio. Cos\u00ec se i ciclisti viaggiano in gruppo meritano di essere investiti. E non importa se poi, per una cosa cos\u00ec, \u00a0ci sono morti e feriti. Allora se spesso ( perch\u00e8 va detto capita spesso) i ciclisti fanno gli arroganti in mezzo alla strada, meno male che ogni tanto arriva qualcuno che ha il coraggio di tirali gi\u00f9. Che gli d\u00e0 una lezione, cos\u00ec imparano. Che fa giustizia sommaria, perch\u00e8 non bastano vigili e carabinieri che, a chi pedala non rispettando le regole, diano le sonore lezioni che servono. Cos\u00ec finisce in una guerra assurda tra chi pedala e chi accelera per travolgere chi pedala. Il giovane che due giorni fa ha fatto ci\u00f2 che ha fatto sulla Provinciale 27 \u00e8 un ragazzo di 29 anni, che di mestiere fa l&#8217;operatore sanitario e che era al volante sotto l&#8217;effetto di sostanze stupefacenti. E&#8217;stato rintracciato e arrestato dai carabinieri ed ora \u00e8 in una cella del carcere di Cremona. Domani verr\u00e0 interrogato e prover\u00e0 a raccontare cosa \u00e8 successo su quella strada. Poi verrano formalizzati i capi di imputazione. E intanto, in questa storia folle che da qualsiasi lato la si prenda \u00e8 una tragedia, c&#8217;\u00e8 qualche idiota che non sa fare di meglio che applaudire&#8230;<\/p>\n","protected":false},"excerpt":{"rendered":"<p><p>Applausi, ma non perch\u00e8 l&#8217;hanno preso e arrestato. Applausi e anche alcuni commenti per fare il tifo per chi, un paio di giorni fa a Camairago, nel Lodigiano, ha travolto una ventina di ciclisti ferendone otto di cui uno di quarant&#8217;anni che ha subito anche un delicato intervento chirurgico alla spina dorsale e ora rischia di rimanere paralizzato. Applausi ad un tentato omicidio, perch\u00e8 di ci\u00f2 si tratta. Applausi senza pensare a ci\u00f2 che si scrive o si dice, perch\u00e8 sui social ormai si mettono &#8220;mi piace&#8221; anche sulle tragedie e si scrive tutto ci\u00f2 che passa per la testa, [&hellip;]<\/p>\n&nbsp;&nbsp;<div class=\"readmore\"><a href=\"https:\/\/blog.ilgiornale.it\/ruzzo\/2016\/07\/31\/pirata-sulle-bici-a-lodi-preso\/\">Continua a leggere...<\/a><\/div><\/p>","protected":false},"author":956,"featured_media":0,"comment_status":"open","ping_status":"closed","sticky":false,"template":"","format":"standard","meta":[],"categories":[1],"tags":[],"_links":{"self":[{"href":"https:\/\/blog.ilgiornale.it\/ruzzo\/wp-json\/wp\/v2\/posts\/20001"}],"collection":[{"href":"https:\/\/blog.ilgiornale.it\/ruzzo\/wp-json\/wp\/v2\/posts"}],"about":[{"href":"https:\/\/blog.ilgiornale.it\/ruzzo\/wp-json\/wp\/v2\/types\/post"}],"author":[{"embeddable":true,"href":"https:\/\/blog.ilgiornale.it\/ruzzo\/wp-json\/wp\/v2\/users\/956"}],"replies":[{"embeddable":true,"href":"https:\/\/blog.ilgiornale.it\/ruzzo\/wp-json\/wp\/v2\/comments?post=20001"}],"version-history":[{"count":5,"href":"https:\/\/blog.ilgiornale.it\/ruzzo\/wp-json\/wp\/v2\/posts\/20001\/revisions"}],"predecessor-version":[{"id":20009,"href":"https:\/\/blog.ilgiornale.it\/ruzzo\/wp-json\/wp\/v2\/posts\/20001\/revisions\/20009"}],"wp:attachment":[{"href":"https:\/\/blog.ilgiornale.it\/ruzzo\/wp-json\/wp\/v2\/media?parent=20001"}],"wp:term":[{"taxonomy":"category","embeddable":true,"href":"https:\/\/blog.ilgiornale.it\/ruzzo\/wp-json\/wp\/v2\/categories?post=20001"},{"taxonomy":"post_tag","embeddable":true,"href":"https:\/\/blog.ilgiornale.it\/ruzzo\/wp-json\/wp\/v2\/tags?post=20001"}],"curies":[{"name":"wp","href":"https:\/\/api.w.org\/{rel}","templated":true}]}}