{"id":20355,"date":"2016-09-01T18:48:21","date_gmt":"2016-09-01T16:48:21","guid":{"rendered":"https:\/\/blog.ilgiornale.it\/ruzzo\/?p=20355"},"modified":"2016-09-01T18:56:42","modified_gmt":"2016-09-01T16:56:42","slug":"una-corsa-per-roma-olimpica","status":"publish","type":"post","link":"https:\/\/blog.ilgiornale.it\/ruzzo\/2016\/09\/01\/una-corsa-per-roma-olimpica\/","title":{"rendered":"Una corsa per Roma olimpica"},"content":{"rendered":"<div id=\"news_riassunto\">\n<p><a href=\"https:\/\/blog.ilgiornale.it\/ruzzo\/files\/2016\/09\/Festa-del-Fatto.jpg\"><img loading=\"lazy\" class=\"alignleft size-medium wp-image-20358\" src=\"https:\/\/blog.ilgiornale.it\/ruzzo\/files\/2016\/09\/Festa-del-Fatto-300x200.jpg\" alt=\"Festa del Fatto Quotidiano\" width=\"300\" height=\"200\" srcset=\"https:\/\/blog.ilgiornale.it\/ruzzo\/files\/2016\/09\/Festa-del-Fatto-300x200.jpg 300w, https:\/\/blog.ilgiornale.it\/ruzzo\/files\/2016\/09\/Festa-del-Fatto-1024x683.jpg 1024w\" sizes=\"(max-width: 300px) 100vw, 300px\" \/><\/a>In attesa che il sindaco di Roma <strong>Virginia Raggi<\/strong>, come le ha chiesto questa mattina il premier <strong>Matteo Renzi<\/strong> decida se dire si o no alla candidatura olimpica, il mondo dello sport fa un passo in avanti per dire che quei Giochi 2024 sarebbero davvero un&#8217;occasione da non perdere. \u00a0Lo ha detto questa mattina <strong>Oreste Perri<\/strong>, \u00a0presidente del Coni Lombardo, lo hanno ripetuto pi\u00f9 o meno tra le righe un po&#8217; tutti dall&#8217;assessore allo sport del Comune di Milano <strong>Roberta Guanieri<\/strong> al segretario generale della Fidal <strong>Fabio Pagliara.<\/strong> Le olimpiadi sarebbero l&#8217;occasione per portare un grandissimo evento in un Paese che ne ha bisogno e l&#8217;occasione per promuovere una cultura dello sport \u00a0chiesta dagli sportivi, dalle societ\u00e0 sportive ma soprattutto dalle famiglie. Ma il condizionale \u00e8 pi\u00f9 che d&#8217;obbligo. Intanto si corre. Per promuovere la candidatura olimpica sabato 10 settembre alle 18 si\u00a0corre contemporaneamente in nove citt\u00e0 italiane: Milano, Bari, Cagliari, Genova, Firenze, Napoli, Torino, Verona e ovviamente Roma. Sar\u00e0 uno spot olimpico ma sar\u00e0 anche l&#8217;occasione per raccogliere fondi per le popolazioni terremotate con 2\u00a0euro per ogni iscritto che verranno devoluti per la\u00a0ricostruzione delle palestre di Amatrice, Accumuli e Pescara del Tronto.\u00a0<strong>Run with Roma 2024<\/strong>\u00a0 \u00e8 una dieci chilometri\u00a0competitiva e una cinque km\u00a0amatoriale ideata per celebrare l\u2019impresa sportiva di Abebe\u00a0<strong>Bikila<\/strong>\u00a0alle Olimpiadi di Roma \u201960 e per proiettare la Capitale d\u2019Italia verso il sogno olimpico del 2024. La gara &#8211; concertata con i comitati regionali Fidal &#8211; avr\u00e0 una classifica unica che prevede la comparazione di tutti i risultati ottenuti in ogni citt\u00e0 tramite un coefficiente prestabilito. \u00a0Non solo. I\u00a0primi 60 atleti di ogni citt\u00e0, grazie a un accordo tra il Comitato promotore Roma 2024 e il Ministero dei Beni culturali, il giorno dopo la gara \u00a0avranno la possibilit\u00e0 di accedere, gratuitamente a un Museo della propria citt\u00e0 con una visita guidata accompagnati da un campione olimpico oltre che\u00a0dal Presidente Regionale Coni, della Fidal e dal direttore del Museo. Tanto per mettere in contatto due mondi e due modi diversi di fare cultura che per\u00f2 vanno nella stessa direzione. Sullo sfondo, al di l\u00e0 di come uno la possa pensare, \u00a0resta una candidatura olimpica che ancor prima di prendere davvero corpo, \u00e8 gi\u00e0 dibattuta e avversata, come sempre capita dalle nostre parti. &#8220;Io non avrei alcun dubbio sulla opportunit\u00e0 di candidare Roma per le\u00a0<span style=\"color: #000000\">Olimpiadi<\/span> nel 2024- ha detto stamattina <strong>Renzi<\/strong> in una lunga intervista a Rtl- Ora il pallino \u00e8 nelle mani del sindaco della Capitale: \u00a0o s\u00ec o no. Se <strong>Raggi<\/strong> non firma la lettera,\u00a0<span style=\"color: #000000\">Roma<\/span> \u00e8 fuori. La mia impressione \u00a0\u00e8 che noi siamo in testa in questo momento. Dire di no alle \u00a0<span style=\"color: #000000\">Olimpiadi<\/span> sarebbe un atto molto triste. Spero che la sindaca Raggi prosegua su quello che abbiamo gi\u00e0 deciso a livello istituzionale, ma se dir\u00e0 di no ne prenderemo atto. Scelgano i Cinque stelle cosa fare, tocca a loro. Non far\u00f2 atti lesivi sull\u2019autonomia di Roma, se dir\u00e0 di no vorr\u00e0 dire che in futuro candideremo altre citt\u00e0\u00bb.<\/p>\n<\/div>\n","protected":false},"excerpt":{"rendered":"<p><p>In attesa che il sindaco di Roma Virginia Raggi, come le ha chiesto questa mattina il premier Matteo Renzi decida se dire si o no alla candidatura olimpica, il mondo dello sport fa un passo in avanti per dire che quei Giochi 2024 sarebbero davvero un&#8217;occasione da non perdere. \u00a0Lo ha detto questa mattina Oreste Perri, \u00a0presidente del Coni Lombardo, lo hanno ripetuto pi\u00f9 o meno tra le righe un po&#8217; tutti dall&#8217;assessore allo sport del Comune di Milano Roberta Guanieri al segretario generale della Fidal Fabio Pagliara. Le olimpiadi sarebbero l&#8217;occasione per portare un grandissimo evento in un Paese [&hellip;]<\/p>\n&nbsp;&nbsp;<div class=\"readmore\"><a href=\"https:\/\/blog.ilgiornale.it\/ruzzo\/2016\/09\/01\/una-corsa-per-roma-olimpica\/\">Continua a leggere...<\/a><\/div><\/p>","protected":false},"author":956,"featured_media":0,"comment_status":"open","ping_status":"closed","sticky":false,"template":"","format":"standard","meta":[],"categories":[1],"tags":[],"_links":{"self":[{"href":"https:\/\/blog.ilgiornale.it\/ruzzo\/wp-json\/wp\/v2\/posts\/20355"}],"collection":[{"href":"https:\/\/blog.ilgiornale.it\/ruzzo\/wp-json\/wp\/v2\/posts"}],"about":[{"href":"https:\/\/blog.ilgiornale.it\/ruzzo\/wp-json\/wp\/v2\/types\/post"}],"author":[{"embeddable":true,"href":"https:\/\/blog.ilgiornale.it\/ruzzo\/wp-json\/wp\/v2\/users\/956"}],"replies":[{"embeddable":true,"href":"https:\/\/blog.ilgiornale.it\/ruzzo\/wp-json\/wp\/v2\/comments?post=20355"}],"version-history":[{"count":4,"href":"https:\/\/blog.ilgiornale.it\/ruzzo\/wp-json\/wp\/v2\/posts\/20355\/revisions"}],"predecessor-version":[{"id":20360,"href":"https:\/\/blog.ilgiornale.it\/ruzzo\/wp-json\/wp\/v2\/posts\/20355\/revisions\/20360"}],"wp:attachment":[{"href":"https:\/\/blog.ilgiornale.it\/ruzzo\/wp-json\/wp\/v2\/media?parent=20355"}],"wp:term":[{"taxonomy":"category","embeddable":true,"href":"https:\/\/blog.ilgiornale.it\/ruzzo\/wp-json\/wp\/v2\/categories?post=20355"},{"taxonomy":"post_tag","embeddable":true,"href":"https:\/\/blog.ilgiornale.it\/ruzzo\/wp-json\/wp\/v2\/tags?post=20355"}],"curies":[{"name":"wp","href":"https:\/\/api.w.org\/{rel}","templated":true}]}}