{"id":20423,"date":"2016-09-11T23:51:35","date_gmt":"2016-09-11T21:51:35","guid":{"rendered":"https:\/\/blog.ilgiornale.it\/ruzzo\/?p=20423"},"modified":"2016-09-11T23:51:35","modified_gmt":"2016-09-11T21:51:35","slug":"paratriathlon-rio-e-azzurra-ma-non-basta","status":"publish","type":"post","link":"https:\/\/blog.ilgiornale.it\/ruzzo\/2016\/09\/11\/paratriathlon-rio-e-azzurra-ma-non-basta\/","title":{"rendered":"Paratriathlon, Rio \u00e8 azzurra ma non basta"},"content":{"rendered":"<div class=\"desc-article\"><strong><a href=\"https:\/\/blog.ilgiornale.it\/ruzzo\/files\/2016\/09\/simo2.jpg\"><img loading=\"lazy\" class=\"alignleft size-medium wp-image-20424\" src=\"https:\/\/blog.ilgiornale.it\/ruzzo\/files\/2016\/09\/simo2-300x193.jpg\" alt=\"simo\" width=\"300\" height=\"193\" srcset=\"https:\/\/blog.ilgiornale.it\/ruzzo\/files\/2016\/09\/simo2-300x193.jpg 300w, https:\/\/blog.ilgiornale.it\/ruzzo\/files\/2016\/09\/simo2.jpg 800w\" sizes=\"(max-width: 300px) 100vw, 300px\" \/><\/a>Michele Ferrarin<\/strong> \u00a0medaglia d\u2019argento nel paratriathlon con il tempo di 1h12\u201930\u201d, dietro solo al britannico<strong>Andrew Lewis<\/strong> e \u00a0<strong>Giovanni Achenza<\/strong>\u00a0bronzo nella categoria PT1 sono un risultato fantastico. Anche se nel quasi silenzio della stampa italiana. Sono un risultato non casuale, fatto di sacrifici, di passione, di talento e di programmazione perch\u00e8 il lavoro di un dirttore tecnico come <strong>Simone Biava<\/strong> e di chi lavora con lui evidentemente paga. Parliamo di sport ma \u00e8 chiaro che le imprese di questi atleti sono anche un messaggio di speranza. \u00a0Un messaggio che vola alto e non riguarda solo il triathlon ma tutto o sport e forse ancora di pi\u00f9. E che non viene dal cielo ma dall\u2019esperienza pi\u00f9 che mai terrena di<strong> Luca Pancalli<\/strong>,\u00a0Presidente nazionale del Comitato Italiano Paralimpico,\u00a0 pentatleta che nell\u20191981 cadendo in gara da cavallo ha perso l\u2019uso delle gambe per una frattura delle vertebre cervicali. E stato il paratleta pi\u00f9 medagliato dell\u2019era moderna e poi uno dei nostri migliori dirigenti sportivi. Averne cos\u00ec. \u00a0E\u2019\u00a0tra promotori della Citt\u00e0 dello sport paralimpico un impianto modello a Roma \u00a0dedicato ai disabili \u00a0e pochi anni fa\u00a0\u00a0\u00e8 stato insignito dal Comitato internazionale Paralimpico del \u201d Paralympic Order\u201d , il massimo ed esclusivo riconoscimento per chi nella vita si sia particolarmente prodigato per lo sviluppo del movimento. \u00a0Si potrebbe continuare, ma non serve. A gennaio quando era intervenuto al Gal\u00e0 del Triathlon aveva sorpreso\u00a0un po\u2019 tutti salendo sul palco:\u00a0\u201cSiete una grande famiglia e si vede- aveva detto alla platea- ma l\u2019unica medaglia mondiale che avete \u00e8 quella paralimpica di Michele Ferrarin\u2026\u201d. Qualcosa vuol dire. Qualcosa significa. \u00a0Ed ora il discorso diventa olimpico e a <strong>Ferrarin<\/strong> si aggiunge anche <strong>Achenza<\/strong>. Lo sport paralimpico \u00e8 uno sport dove gli atleti fanno cose fantastiche a prescindere e non perch\u00e8 hanno amputatazioni o altre limitazioni. Compiono gesti eccezionali che in realt\u00e0 sono molto di pi\u00f9. Sono il segnale a tutte quelle persone che soffrono negli ospedali, che hanno perso l\u2019uso degli arti o che hanno subito una amputazione che la vita non \u00e8 finita l\u00ec. Che continua. Che si pu\u00f2 ricominciare e che ci si pu\u00f2 tornare a divertire\u2026.\u201d Ma sono anche il segnale che nella vita di tutti i giorni c\u2019\u00e8 ancora molto da fare. Nelle strade, nelle metropolitane, negli uffici pubblici, negli\u00a0impianti sportivi e anche nella scuole. Perch\u00e8 a parole siamo tutti bravi poi per\u00f2 a Milano capita che una bimba su costretta dalla Sla su una carrozzina venga messa in un angolo del corridoio nell\u2019intervallo con la racomandazione fatta dalla sua prof a non nuoversi di l\u00ec per non far male a qualcuno. E allora si torna al\u2019inizio. A Ferrarin e ad Achenza che colorano di azzurro Rio e che si spera riescano a colorare una po\u2019 anche il nostro Paese.<\/div>\n<div class=\"ratingblock \">\n<div class=\"ratingheader \"><\/div>\n<div class=\"ratingstars \"><\/div>\n<\/div>\n","protected":false},"excerpt":{"rendered":"<p><p>Michele Ferrarin \u00a0medaglia d\u2019argento nel paratriathlon con il tempo di 1h12\u201930\u201d, dietro solo al britannicoAndrew Lewis e \u00a0Giovanni Achenza\u00a0bronzo nella categoria PT1 sono un risultato fantastico. Anche se nel quasi silenzio della stampa italiana. Sono un risultato non casuale, fatto di sacrifici, di passione, di talento e di programmazione perch\u00e8 il lavoro di un dirttore tecnico come Simone Biava e di chi lavora con lui evidentemente paga. Parliamo di sport ma \u00e8 chiaro che le imprese di questi atleti sono anche un messaggio di speranza. \u00a0Un messaggio che vola alto e non riguarda solo il triathlon ma tutto o sport [&hellip;]<\/p>\n&nbsp;&nbsp;<div class=\"readmore\"><a href=\"https:\/\/blog.ilgiornale.it\/ruzzo\/2016\/09\/11\/paratriathlon-rio-e-azzurra-ma-non-basta\/\">Continua a leggere...<\/a><\/div><\/p>","protected":false},"author":956,"featured_media":0,"comment_status":"open","ping_status":"closed","sticky":false,"template":"","format":"standard","meta":[],"categories":[1],"tags":[],"_links":{"self":[{"href":"https:\/\/blog.ilgiornale.it\/ruzzo\/wp-json\/wp\/v2\/posts\/20423"}],"collection":[{"href":"https:\/\/blog.ilgiornale.it\/ruzzo\/wp-json\/wp\/v2\/posts"}],"about":[{"href":"https:\/\/blog.ilgiornale.it\/ruzzo\/wp-json\/wp\/v2\/types\/post"}],"author":[{"embeddable":true,"href":"https:\/\/blog.ilgiornale.it\/ruzzo\/wp-json\/wp\/v2\/users\/956"}],"replies":[{"embeddable":true,"href":"https:\/\/blog.ilgiornale.it\/ruzzo\/wp-json\/wp\/v2\/comments?post=20423"}],"version-history":[{"count":1,"href":"https:\/\/blog.ilgiornale.it\/ruzzo\/wp-json\/wp\/v2\/posts\/20423\/revisions"}],"predecessor-version":[{"id":20425,"href":"https:\/\/blog.ilgiornale.it\/ruzzo\/wp-json\/wp\/v2\/posts\/20423\/revisions\/20425"}],"wp:attachment":[{"href":"https:\/\/blog.ilgiornale.it\/ruzzo\/wp-json\/wp\/v2\/media?parent=20423"}],"wp:term":[{"taxonomy":"category","embeddable":true,"href":"https:\/\/blog.ilgiornale.it\/ruzzo\/wp-json\/wp\/v2\/categories?post=20423"},{"taxonomy":"post_tag","embeddable":true,"href":"https:\/\/blog.ilgiornale.it\/ruzzo\/wp-json\/wp\/v2\/tags?post=20423"}],"curies":[{"name":"wp","href":"https:\/\/api.w.org\/{rel}","templated":true}]}}