{"id":20438,"date":"2016-09-12T21:53:14","date_gmt":"2016-09-12T19:53:14","guid":{"rendered":"https:\/\/blog.ilgiornale.it\/ruzzo\/?p=20438"},"modified":"2016-09-13T01:02:39","modified_gmt":"2016-09-12T23:02:39","slug":"sanremo-e-sanremo-anche-nellolimpico","status":"publish","type":"post","link":"https:\/\/blog.ilgiornale.it\/ruzzo\/2016\/09\/12\/sanremo-e-sanremo-anche-nellolimpico\/","title":{"rendered":"Sanremo \u00e8 Sanremo&#8230;anche nell&#8217;Olimpico"},"content":{"rendered":"<p><a href=\"https:\/\/blog.ilgiornale.it\/ruzzo\/files\/2016\/09\/sanremo-52.jpg\"><img loading=\"lazy\" class=\"alignleft size-medium wp-image-20442\" src=\"https:\/\/blog.ilgiornale.it\/ruzzo\/files\/2016\/09\/sanremo-52-300x191.jpg\" alt=\"sanremo-52\" width=\"300\" height=\"191\" srcset=\"https:\/\/blog.ilgiornale.it\/ruzzo\/files\/2016\/09\/sanremo-52-300x191.jpg 300w, https:\/\/blog.ilgiornale.it\/ruzzo\/files\/2016\/09\/sanremo-52.jpg 900w\" sizes=\"(max-width: 300px) 100vw, 300px\" \/><\/a>C&#8217;\u00e8 chi quando pensa a Sanremo pensa al salone delle feste del Casino. A <strong>Domenico Modugno<\/strong> che canta Volare e che nel Blu dipinto blu scrive per sempre la storia di \u00a0un Paese che ancora fischietta. Pensa al \u00a0Festival, \u00a0ai Fiori, al Teatro Ariston \u00a0e alla galleria \u00a0dove una volta passava il treno e che ora \u00e8 un monumento del ciclismo. Pensa agli \u00a0sprint di via Roma. A <strong>Coppi<\/strong>, <strong>Merckx, Bugno e Cipollini<\/strong> e alle telecronache di <strong>Adriano Dezan.<\/strong> \u00a0Poi c&#8217;\u00e8 chi pensa al triathlon. Tanti, un po&#8217; fissati, con la faccia di chi sta per fare qualcosa di importante e non vuole essere disturbato. Sono cos\u00ec i triatleti. Che vagano nelle zone cambio come se si stessero preparando per salvare il mondo. Pieni di piccole manie, gente che va in giro a piedi nudi , che si scrive i numeri col pennarello sulle braccia e sulle gambe, che si unge di vaselina, che gode nel far fatica, nel complicarsi una domenica dove il resto del mondo fa cose normali o pi\u00f9 tranquille. E a Sanremo di solito la domenica ai Bagni Morgana si va in spiaggia. I nonni leggono il giornale, i nipotini smanettano sugli smartphone, le mamme si rosolano sulle sdraio, i pap\u00e0 che fumano, fumano e gli altri (quelli che non fumano) non vedono l&#8217;ora che arrivi il luned\u00ec. Si va al mare nell&#8217;illusione vana che il caldo svanisca. Soprattutto in un settembre rovente che sembra luglio e soprattutto se \u00e8 l&#8217;ultimo week-end tranquillo prima di ricominciare con il frullatore di elementari, medie e licei che per chi ha tanti figli sono un mix che servirebbe una &#8220;app&#8221; per sopravvivere. Per\u00f2 il triatlhon \u00e8 un&#8217;altra cosa. Anche a Sanremo. Sono in 250 l\u00ec sul lungomare a cercare uno spicchio di ombra. Da ogni parte d&#8217;Italia, dalla Francia che \u00e8 qui a un tiro di schioppo, dalla Germania, qualcuno dalla Svizzera e altri chiss\u00e0 da dove perch\u00e8 &#8220;Sanremo \u00e8 Sanremo&#8221; e vale per tutto. E allora ci si tuffa dai\u00a0\u00a0Bagni Morgana, ai Bagni Italia, ai\u00a0Bagni Arenella,\u00a0\u00a0500 metri in un mare che sembra una piscina sotto gli occhi straniti di intere famiglie che \u00a0non capiscono ma applaudono. Muta vietata. Senza sconti, neppure per chi \u00e8 avanti con l&#8217;et\u00e0: &#8220;L&#8217;acqua \u00e8 a 26 gradi e fuori ce ne sono pi\u00f9 di trenta- spiega un giudice- vuoi morire di caldo?&#8221;. \u00a0Non c&#8217;\u00e8 fretta. Anche perch\u00e8 mentre nuoti sai cosa ti aspetta. E ci pensi. Sa che l\u00e0 fuori non c&#8217;\u00e8 un metro di pianura. C&#8217;\u00e8 la salita per Bussana e poi c&#8217;\u00e8 il Poggio, dove si decide la Sanremo, e dove ti illudi che tutto sia finito svoltando a sinistra e puntando verso il mare. Invece no. Il volontario con la pettorina gialla dello staff \u00e8 gentile ma non fa sconti: &#8220;Si prosegue fino a Ceriana&#8230;&#8221;. E non finisce pi\u00f9. Non finisce mai perch\u00e8 un conto \u00e8 raccontarle le salite, un altro \u00e8 pedalarle con il sudore che si mischia al sale e ti incendia gli occhi. Poi finalmente si gira e si scende. Perch\u00e8 c&#8217;\u00e8 sempre un momento nella vita in cui si gira e si scende. Ma la discesa \u00e8 solo un sollievo. Dura un amen. E sei gi\u00e0 a<strong> Portosole<\/strong>, a correre tra barche da sogno e gente che se la gode e che basta guardarla per capire che piuttosto che fare quello che stai facendo tu, sarebbe pronta a salpare a remi. Finisce in quattro \u00a0giri con una boa dove c&#8217;\u00e8 un &#8220;pompiere&#8221; con un getto di acqua fredda che ti rimette al mondo e non baratteresti neppure con dieci casse \u00a0di champagne. Con\u00a0<strong>Fabio D&#8217;annunzio<\/strong> che sta agli speaker come il Vate alla poesia, e ad ogni passaggio, ad ogni numero , ad ogni faccia s&#8217;inventa un storia che ti fa piacere ascoltare. \u00a0Finisce con un mezzo miracolo e con\u00a0<strong>Daniele Moraglia<\/strong>, che quest&#8217;anno, per mettere in piedi questo triathlon che gli hanno fatto spostare all&#8217;ultimo minuto di piazza e di bagni per motivi di sicurezza, ha perso un paio d&#8217;anni della sua esistenza. Con\u00a0<strong>Elia Mozzachiodi<\/strong>\u00a0,\u00a0<strong>Timo Bottin<\/strong>\u00a0e \u00a0<strong>Daniel Polizzi <\/strong>\u00a0sul\u00a0podio maschile e con\u00a0<strong>Camilla Magliano<\/strong>, \u00a0<strong>Laura Mazzucco e<\/strong>\u00a0<strong>Stefania Moneta<\/strong>\u00a0su quello femminile. Finisce con i camper che sbaraccano, con le auto con le bici sul tetto che ripartono e con un bus di turisti russi che si intruppa in una manovra che rischia di far saltare i nervi a una vigilessa che non sa pi\u00f9 cosa fischiare. Finisce con il Telepass che si blocca,\u00a0con\u00a0un Autogrill dove prendere un caff\u00e8 \u00e8 peggio che rifare il Poggio e con 28 chilometri di coda da Borghetto santo spirito a Savona che fa tanto rientro intelligente. Ma Sanremo \u00e8 Sanremo anche per questo&#8230;<\/p>\n<p>&nbsp;<\/p>\n<p>&nbsp;<\/p>\n<p>&nbsp;<\/p>\n","protected":false},"excerpt":{"rendered":"<p><p>C&#8217;\u00e8 chi quando pensa a Sanremo pensa al salone delle feste del Casino. A Domenico Modugno che canta Volare e che nel Blu dipinto blu scrive per sempre la storia di \u00a0un Paese che ancora fischietta. Pensa al \u00a0Festival, \u00a0ai Fiori, al Teatro Ariston \u00a0e alla galleria \u00a0dove una volta passava il treno e che ora \u00e8 un monumento del ciclismo. Pensa agli \u00a0sprint di via Roma. A Coppi, Merckx, Bugno e Cipollini e alle telecronache di Adriano Dezan. \u00a0Poi c&#8217;\u00e8 chi pensa al triathlon. Tanti, un po&#8217; fissati, con la faccia di chi sta per fare qualcosa di importante [&hellip;]<\/p>\n&nbsp;&nbsp;<div class=\"readmore\"><a href=\"https:\/\/blog.ilgiornale.it\/ruzzo\/2016\/09\/12\/sanremo-e-sanremo-anche-nellolimpico\/\">Continua a leggere...<\/a><\/div><\/p>","protected":false},"author":956,"featured_media":0,"comment_status":"open","ping_status":"closed","sticky":false,"template":"","format":"standard","meta":[],"categories":[1],"tags":[],"_links":{"self":[{"href":"https:\/\/blog.ilgiornale.it\/ruzzo\/wp-json\/wp\/v2\/posts\/20438"}],"collection":[{"href":"https:\/\/blog.ilgiornale.it\/ruzzo\/wp-json\/wp\/v2\/posts"}],"about":[{"href":"https:\/\/blog.ilgiornale.it\/ruzzo\/wp-json\/wp\/v2\/types\/post"}],"author":[{"embeddable":true,"href":"https:\/\/blog.ilgiornale.it\/ruzzo\/wp-json\/wp\/v2\/users\/956"}],"replies":[{"embeddable":true,"href":"https:\/\/blog.ilgiornale.it\/ruzzo\/wp-json\/wp\/v2\/comments?post=20438"}],"version-history":[{"count":7,"href":"https:\/\/blog.ilgiornale.it\/ruzzo\/wp-json\/wp\/v2\/posts\/20438\/revisions"}],"predecessor-version":[{"id":20446,"href":"https:\/\/blog.ilgiornale.it\/ruzzo\/wp-json\/wp\/v2\/posts\/20438\/revisions\/20446"}],"wp:attachment":[{"href":"https:\/\/blog.ilgiornale.it\/ruzzo\/wp-json\/wp\/v2\/media?parent=20438"}],"wp:term":[{"taxonomy":"category","embeddable":true,"href":"https:\/\/blog.ilgiornale.it\/ruzzo\/wp-json\/wp\/v2\/categories?post=20438"},{"taxonomy":"post_tag","embeddable":true,"href":"https:\/\/blog.ilgiornale.it\/ruzzo\/wp-json\/wp\/v2\/tags?post=20438"}],"curies":[{"name":"wp","href":"https:\/\/api.w.org\/{rel}","templated":true}]}}