{"id":20620,"date":"2016-10-12T20:35:10","date_gmt":"2016-10-12T18:35:10","guid":{"rendered":"https:\/\/blog.ilgiornale.it\/ruzzo\/?p=20620"},"modified":"2016-10-12T20:35:10","modified_gmt":"2016-10-12T18:35:10","slug":"lo-sport-paralimpico-entra-in-classe","status":"publish","type":"post","link":"https:\/\/blog.ilgiornale.it\/ruzzo\/2016\/10\/12\/lo-sport-paralimpico-entra-in-classe\/","title":{"rendered":"Lo sport paralimpico entra in classe"},"content":{"rendered":"<p><a href=\"https:\/\/blog.ilgiornale.it\/ruzzo\/files\/2016\/10\/para.jpg\"><img loading=\"lazy\" class=\"alignleft size-medium wp-image-20621\" src=\"https:\/\/blog.ilgiornale.it\/ruzzo\/files\/2016\/10\/para-300x225.jpg\" alt=\"para\" width=\"300\" height=\"225\" srcset=\"https:\/\/blog.ilgiornale.it\/ruzzo\/files\/2016\/10\/para-300x225.jpg 300w, https:\/\/blog.ilgiornale.it\/ruzzo\/files\/2016\/10\/para.jpg 925w\" sizes=\"(max-width: 300px) 100vw, 300px\" \/><\/a>Il grido di battaglia sar\u00e0 \u00abVola come loro. Grazie 39\u00bb. Il riferimento \u00e8 ai 39 podi che la Nazionale italiana ha conquistato alle Paralimpiadi disputate a settembre a Rio in Brasile. E sar\u00e0 un grido che servir\u00e0 a diffondere i valori paralimpici tra gli studenti delle scuole milanesi, ma anche di altre citt\u00e0 italiane. \u00c8 questo l\u2019obiettivo della Giornata Nazionale dello Sport Paralimpico indetta dal Comitato Italiano Paralimpico, con il supporto di Inail e Gruppo Mediobanca, che venerd\u00ec 14 ottobre giunge alla sua decima edizione. \u00a0La Giornata andr\u00e0 in scena al Centro \u00abPavesi\u00bb in via De Lemene e sar\u00e0 organizzata dal Comitato Italiano Paralimpico Regionale Lombardia, in collaborazione con il CIP nazionale e la Fondazione Paralimpica. Parteciperanno i Licei Statali a indirizzo Sportivo lombardi, alcuni Licei privati e numerose scuole secondarie e primarie del territorio per un totale di circa 2.000 alunni che avranno l\u2019occasione unica di ammirare e sperimentare 21 discipline paralimpiche dal sitting volley, al golf, al calcio a 5, al tennistavolo. Dalla scherma in carrozzina al tennis in carrozzina, dalla pesistica al curling in carrozzina, all\u2019 ice sledge hockey, al canottaggio, all\u2019 atletica leggera. E agli studenti milanesi si affiancheranno molti degli atleti protagonisti ai Giochi brasiliani. Tra questi, le medaglie d\u2019oro <strong>Federico Morlacchi<\/strong> (nuoto) e <strong>Paolo Cecchetto<\/strong> (handbike) e quelle d\u2019argento <strong>Oney Tapia<\/strong> (atletica leggera) e <strong>Giulia Ghiretti<\/strong> (nuoto). \u00abQuesta Giornata rappresenta la chiusura ideale di un\u2019annata meravigliosa &#8211; commenta <strong>Pierangelo Santelli<\/strong>, presidente del CIP Lombardia &#8211; caratterizzata non solo dalle Paralimpiadi, ma anche dai Trisome Games, i Giochi per atleti con sindrome di Down svoltisi a Firenze nel mese di luglio. I nostri campioni si sono esibiti su palcoscenici straordinari e l\u00ec hanno dato prova di abilit\u00e0 fuori dal comune, ottenendo medaglie ed enormi soddisfazioni. Questi due grandi eventi hanno attirato, come mai prima d\u2019ora, l\u2019attenzione dei media e della gente sul movimento paralimpico. L\u2019augurio \u00e8 che ora i fari della societ\u00e0 restino accesi su ci\u00f2 che facciamo\u00bb. Le attivit\u00e0 cominceranno alle ore 9 e si concluderanno intorno alle 13.30.<\/p>\n","protected":false},"excerpt":{"rendered":"<p><p>Il grido di battaglia sar\u00e0 \u00abVola come loro. Grazie 39\u00bb. Il riferimento \u00e8 ai 39 podi che la Nazionale italiana ha conquistato alle Paralimpiadi disputate a settembre a Rio in Brasile. E sar\u00e0 un grido che servir\u00e0 a diffondere i valori paralimpici tra gli studenti delle scuole milanesi, ma anche di altre citt\u00e0 italiane. \u00c8 questo l\u2019obiettivo della Giornata Nazionale dello Sport Paralimpico indetta dal Comitato Italiano Paralimpico, con il supporto di Inail e Gruppo Mediobanca, che venerd\u00ec 14 ottobre giunge alla sua decima edizione. \u00a0La Giornata andr\u00e0 in scena al Centro \u00abPavesi\u00bb in via De Lemene e sar\u00e0 organizzata [&hellip;]<\/p>\n&nbsp;&nbsp;<div class=\"readmore\"><a href=\"https:\/\/blog.ilgiornale.it\/ruzzo\/2016\/10\/12\/lo-sport-paralimpico-entra-in-classe\/\">Continua a leggere...<\/a><\/div><\/p>","protected":false},"author":956,"featured_media":0,"comment_status":"open","ping_status":"closed","sticky":false,"template":"","format":"standard","meta":[],"categories":[1],"tags":[81054,81055,81056,11208,81057],"_links":{"self":[{"href":"https:\/\/blog.ilgiornale.it\/ruzzo\/wp-json\/wp\/v2\/posts\/20620"}],"collection":[{"href":"https:\/\/blog.ilgiornale.it\/ruzzo\/wp-json\/wp\/v2\/posts"}],"about":[{"href":"https:\/\/blog.ilgiornale.it\/ruzzo\/wp-json\/wp\/v2\/types\/post"}],"author":[{"embeddable":true,"href":"https:\/\/blog.ilgiornale.it\/ruzzo\/wp-json\/wp\/v2\/users\/956"}],"replies":[{"embeddable":true,"href":"https:\/\/blog.ilgiornale.it\/ruzzo\/wp-json\/wp\/v2\/comments?post=20620"}],"version-history":[{"count":1,"href":"https:\/\/blog.ilgiornale.it\/ruzzo\/wp-json\/wp\/v2\/posts\/20620\/revisions"}],"predecessor-version":[{"id":20622,"href":"https:\/\/blog.ilgiornale.it\/ruzzo\/wp-json\/wp\/v2\/posts\/20620\/revisions\/20622"}],"wp:attachment":[{"href":"https:\/\/blog.ilgiornale.it\/ruzzo\/wp-json\/wp\/v2\/media?parent=20620"}],"wp:term":[{"taxonomy":"category","embeddable":true,"href":"https:\/\/blog.ilgiornale.it\/ruzzo\/wp-json\/wp\/v2\/categories?post=20620"},{"taxonomy":"post_tag","embeddable":true,"href":"https:\/\/blog.ilgiornale.it\/ruzzo\/wp-json\/wp\/v2\/tags?post=20620"}],"curies":[{"name":"wp","href":"https:\/\/api.w.org\/{rel}","templated":true}]}}