{"id":20671,"date":"2016-10-19T18:20:37","date_gmt":"2016-10-19T16:20:37","guid":{"rendered":"https:\/\/blog.ilgiornale.it\/ruzzo\/?p=20671"},"modified":"2016-10-19T18:20:37","modified_gmt":"2016-10-19T16:20:37","slug":"eicma-spazio-alle-moto-meno-alle-bici","status":"publish","type":"post","link":"https:\/\/blog.ilgiornale.it\/ruzzo\/2016\/10\/19\/eicma-spazio-alle-moto-meno-alle-bici\/","title":{"rendered":"Eicma, spazio alle moto (meno alle bici)"},"content":{"rendered":"<p><a href=\"https:\/\/blog.ilgiornale.it\/ruzzo\/files\/2016\/10\/1476859951-7101002.jpg\"><img loading=\"lazy\" class=\"alignleft size-medium wp-image-20672\" src=\"https:\/\/blog.ilgiornale.it\/ruzzo\/files\/2016\/10\/1476859951-7101002-300x200.jpg\" alt=\"1476859951-7101002\" width=\"300\" height=\"200\" srcset=\"https:\/\/blog.ilgiornale.it\/ruzzo\/files\/2016\/10\/1476859951-7101002-300x200.jpg 300w, https:\/\/blog.ilgiornale.it\/ruzzo\/files\/2016\/10\/1476859951-7101002-1024x683.jpg 1024w, https:\/\/blog.ilgiornale.it\/ruzzo\/files\/2016\/10\/1476859951-7101002.jpg 1920w\" sizes=\"(max-width: 300px) 100vw, 300px\" \/><\/a>Pistoni e cilindri. Le linee morbide di un serbatoio, il luccich\u00eco di una cromatura, la \u00abcattiveria\u00bb di un frontalino o di una marmitta, il fascino di un disegno stampato come un tatuaggio sulla fiancatina della moto dei tuoi sogni, il rombo che ti fa battere il cuore.\u00a0Quattro ruote muovono le persone, due muovono l&#8217;anima e quando si parla motociclette la passione prende il sopravvento. Tra mille rigagnoli. Perch\u00e8 il popolo delle due ruote non si accontenta di una moto qualunque, vuole quella dei suoi sogni e si divide in trib\u00f9 affezionate ai marchi. E cos\u00ec ci sono quelli che parlano solo giapponese, i biemvuisti, i guzzisti, i ducatisti e quelli che impazziscono per le moto inglesi. Eicma, c&#8217;era una volta il salone del ciclo e motociclo. Ormai il ciclo non c&#8217;\u00e8 quasi pi\u00f9, sempre e pi\u00f9 solo motociclo. Un evento che si svolger\u00e0 dall&#8217;8 al 13 novembrte alla Fiera di Rho diventa cos\u00ec la meta di un pellegrinaggio imperdibile per i biker italiani e non solo. Settantaquattresima edizione, una vita e una storia di come, motorini, motocicliclette, lambrette, vespe e oggi scooter hanno cambiano e stanno cambiando il nostro Paese. Storia di un&#8217;industria che ha segnato un&#8217;epoca, ha dettato mode, ha corso e vinto. Storia che non finisce mai ed \u00e8 sempre pi\u00f9 futuro e che proprio all&#8217;Eicma mette in vetrina tutte le sue novit\u00e0 su 280mila metri quyadrati di esposizione con tutti i top brand del settore, con 1078 espositori la met\u00e0 provenienti dall&#8217;estero, con le tradizionali aree speciali Eicma custom e Area sicurezza, con l&#8217;arena esterna MotoLive, con importanti ritorni come il Temporary bikers shop e le nuove aree Eicma e-Bike e Eicma start-up e innovazione e con un parcheggio interno gratuito (ingresso cargo 4), in parte coperto riservato ai centauri. Quest&#8217;anno torna a occupare i padiglioni 2-4, 6-10 e 14-18 della Fiera di Rho ma non si fermer\u00e0 solo l\u00ec. Sar\u00e0 tutta Milano ad essere coinvolta nella per una grande festa delle due ruote, un fuorisalone che invader\u00e0 i quartieri . A cominciare dalla partnership con la Rinascente che propone l&#8217;evento \u00abLove to ride\u00bb: le vetrine del \u00abThe best department store in the world 2016\u00bb, infatti, si vestiranno a tema e lo store si animer\u00e0 di un ricco programma di eventi e performance lungo tutta la settimana dall&#8217;8 al 14 novembre. Ci si sposta di poche centinaia di metri e grazie alla collaborazione con \u00abRolling Stone\u00bb e l&#8217;Associazione commercianti Via Montenapoleone, le vie del quadrilatero si animeranno di installazioni a tema 2 ruote. Non mancher\u00e0 l&#8217;evento chic, come si addice alla via milanese pi\u00f9 lussuosa, organizzato al Vip lounge e una serie di eventi organizzati all&#8217;Isola il quartiere per antonomasia dei motociclisti. \u00abAnche quest&#8217;anno Eicma si appresta a essere l&#8217;evento internazionale pi\u00f9 ricco, interessante e apprezzato del mondo delle due ruote. Un&#8217;occasione straordinaria per celebrare un settore che ha sempre partecipato da protagonista al sistema produttivo italiano e che ha contribuito a rendere famoso e autorevole il nome del nostro Paese all&#8217;estero &#8211; spiega Antonello Montante, presidente di Eicma &#8211; L&#8217;Esposizione si rinnova completamente dando molto pi\u00f9 spazio all&#8217;innovazione, ai giovani talenti e alla nuova mobilit\u00e0. L&#8217;obiettivo \u00e8 quello di essere riconosciuti non solo come piattaforma ideale per le imprese delle 2 ruote, ma come vero e proprio incubatore di nuove tendenze e solida leva per le giovani generazioni di imprenditori\u00bb.<\/p>\n","protected":false},"excerpt":{"rendered":"<p><p>Pistoni e cilindri. Le linee morbide di un serbatoio, il luccich\u00eco di una cromatura, la \u00abcattiveria\u00bb di un frontalino o di una marmitta, il fascino di un disegno stampato come un tatuaggio sulla fiancatina della moto dei tuoi sogni, il rombo che ti fa battere il cuore.\u00a0Quattro ruote muovono le persone, due muovono l&#8217;anima e quando si parla motociclette la passione prende il sopravvento. Tra mille rigagnoli. Perch\u00e8 il popolo delle due ruote non si accontenta di una moto qualunque, vuole quella dei suoi sogni e si divide in trib\u00f9 affezionate ai marchi. E cos\u00ec ci sono quelli che parlano [&hellip;]<\/p>\n&nbsp;&nbsp;<div class=\"readmore\"><a href=\"https:\/\/blog.ilgiornale.it\/ruzzo\/2016\/10\/19\/eicma-spazio-alle-moto-meno-alle-bici\/\">Continua a leggere...<\/a><\/div><\/p>","protected":false},"author":956,"featured_media":0,"comment_status":"open","ping_status":"closed","sticky":false,"template":"","format":"standard","meta":[],"categories":[1],"tags":[],"_links":{"self":[{"href":"https:\/\/blog.ilgiornale.it\/ruzzo\/wp-json\/wp\/v2\/posts\/20671"}],"collection":[{"href":"https:\/\/blog.ilgiornale.it\/ruzzo\/wp-json\/wp\/v2\/posts"}],"about":[{"href":"https:\/\/blog.ilgiornale.it\/ruzzo\/wp-json\/wp\/v2\/types\/post"}],"author":[{"embeddable":true,"href":"https:\/\/blog.ilgiornale.it\/ruzzo\/wp-json\/wp\/v2\/users\/956"}],"replies":[{"embeddable":true,"href":"https:\/\/blog.ilgiornale.it\/ruzzo\/wp-json\/wp\/v2\/comments?post=20671"}],"version-history":[{"count":1,"href":"https:\/\/blog.ilgiornale.it\/ruzzo\/wp-json\/wp\/v2\/posts\/20671\/revisions"}],"predecessor-version":[{"id":20673,"href":"https:\/\/blog.ilgiornale.it\/ruzzo\/wp-json\/wp\/v2\/posts\/20671\/revisions\/20673"}],"wp:attachment":[{"href":"https:\/\/blog.ilgiornale.it\/ruzzo\/wp-json\/wp\/v2\/media?parent=20671"}],"wp:term":[{"taxonomy":"category","embeddable":true,"href":"https:\/\/blog.ilgiornale.it\/ruzzo\/wp-json\/wp\/v2\/categories?post=20671"},{"taxonomy":"post_tag","embeddable":true,"href":"https:\/\/blog.ilgiornale.it\/ruzzo\/wp-json\/wp\/v2\/tags?post=20671"}],"curies":[{"name":"wp","href":"https:\/\/api.w.org\/{rel}","templated":true}]}}