{"id":20701,"date":"2016-10-25T18:11:33","date_gmt":"2016-10-25T16:11:33","guid":{"rendered":"https:\/\/blog.ilgiornale.it\/ruzzo\/?p=20701"},"modified":"2016-10-25T18:11:33","modified_gmt":"2016-10-25T16:11:33","slug":"romagna-terra-di-ironman","status":"publish","type":"post","link":"https:\/\/blog.ilgiornale.it\/ruzzo\/2016\/10\/25\/romagna-terra-di-ironman\/","title":{"rendered":"Romagna terra di Ironman"},"content":{"rendered":"<article class=\"first clear\"><a href=\"https:\/\/blog.ilgiornale.it\/ruzzo\/files\/2016\/10\/iro.jpg\"><img loading=\"lazy\" class=\"alignright size-medium wp-image-20706\" src=\"https:\/\/blog.ilgiornale.it\/ruzzo\/files\/2016\/10\/iro.jpg\" alt=\"iro\" width=\"1\" height=\"1\" \/><\/a> <a href=\"https:\/\/blog.ilgiornale.it\/ruzzo\/files\/2016\/10\/rete.jpg\"><img loading=\"lazy\" class=\"alignright size-medium wp-image-20707\" src=\"https:\/\/blog.ilgiornale.it\/ruzzo\/files\/2016\/10\/rete-300x154.jpg\" alt=\"rete\" width=\"300\" height=\"154\" srcset=\"https:\/\/blog.ilgiornale.it\/ruzzo\/files\/2016\/10\/rete-300x154.jpg 300w, https:\/\/blog.ilgiornale.it\/ruzzo\/files\/2016\/10\/rete.jpg 455w\" sizes=\"(max-width: 300px) 100vw, 300px\" \/><\/a>Ironman arriva in Italia e non poteva che arrivare in Romagna. Terra di turismo e di sport, di ottime tradizioni, di ospitalit\u00e0 ma anche di business. La societ\u00e0 del gruppo <strong>Wanda Sports Holding,<\/strong> \u00a0ha annunciato questa mattina nella sede della Regione la prima volta della gara \u00a0Ironman su distanza full, perch\u00e8 in Italia gi\u00e0 c&#8217;\u00e8 <strong>Pescara<\/strong> che per\u00f2 sulla mezza distanza e ci sarebbe dovuta essere Roma ma poi non \u00e8 stato. Cos\u00ec ci si riprova e questa volta pare proprio\u00a0ci siano tuttte le condizioni perch\u00e8 il 23 settembre si possa cominciare. &#8220;Siamo entusiasti di aggiungere un secondo evento in Italia, contribuendo alla crescita del circuito europeo- spiaga<strong> Hans-Peter Zurbruegg,<\/strong> Managing Director of Ironman Europe- L\u2019anno passato gli atleti italiani che hanno partecipato agli eventi europei Ironman sono stati oltre 3mila quindi organizzare una gara di lunga distanza \u00a0in Italia \u00e8 il nostro modo di ringraziare gli atleti italiani per la loro fedelt\u00e0\u201d.\u00a0Gli atleti partiranno dalla spiaggia di Cervia, 3,8 chilometri in mare con un&#8217;uscita all&#8217;australiana per andare poi in bici verso le colline romagnole su un percorso di 90 chilometri da ripetere due volte. Si pedaler\u00e0 attraverso il Parco Naturale delle Saline di Cervia e lungo la strada dei vini e dei sapori di Romagna tra i filari di \u00a0Sangiovese. Superata la collina di Bertinoro, gli atleti rientreranno a Cervia a conclusione di un tracciato con un dislivello complessivo di 700 m: non proibitivo quindi. La maratona \u00e8 piatta. Tre giri che, dopo aver raggiunto il porto canale, attraverseranno le vie principali della vicina Milano Marittima e di Cervia attraversando la piazza dello storico Magazzino del Sale, icona della citt\u00e0 prima di arrivare alla \u201cfinish line\u201d posizionata sul lungomare. \u201cQuesta \u00e8 un\u2019ottima opportunit\u00e0 per coniugare il triathlon e il turismo- spiega <strong>Andrea Corsini,<\/strong> Assessore regionale al turismo dell\u2019Emilia-Romagna- \u00a0Cervia \u00e8 il luogo ideale per un evento Ironman e siamo emozionati nel dare il benvenuto agli atleti di tutto il mondo. La gara ci aiuter\u00e0 a far conoscere le bellezze della nostra Riviera a nuove persone e attrarre nuovi visitatori&#8221;. \u00a0Le iscrizioni Per <strong>Ironman-Italy Emilia-Romagna<\/strong> apriranno alle ore 14.00 del 4 novembre 2016 sul sito <a href=\"http:\/\/ironman.us4.list-manage1.com\/track\/click?u=36ebad974c5875d65fba57d76&amp;id=442e83e7f8&amp;e=8f345a8a0f\" target=\"_blank\">www.ironman.com\/italy<\/a>\u00a0e oltre alla gara full del 23 \u00e8 in programma una una gara \u00a0della serie 5150 il giorno dopo. &#8220;E&#8217;\u00a0una fantastica opportunit\u00e0 per noi ma anche e soprattutto per i cittadini di Cervia e dell\u2019Emilia- Romagna- afferma <strong>Bj\u00f6rn Steinmetz, Regional Director Central Europe at Ironman<\/strong>-. Con la gara full di sabato e l\u2019evento della domenica, non stiamo portando uno bens\u00ec due eventi in questa fantastica citt\u00e0. E\u2019 stato un piacere lavorare alla creazione di queste due gare, un\u2019esperienza positiva in un\u2019atmosfera accogliente. Sar\u00e0 una vera festa del triathlon. Siamo onorati ed eccitati di farne parte\u201d. Tutto pronto quindi. Per Ironman che fiinalmente arriva in Italia \u00a0con la gara full tanto attesa e che far\u00e0 il &#8220;botto&#8221; che merita. Due soli appunti sulla scelta della data perch\u00e8 un full che si corre di sabato dovr\u00e0 fare i conti con le strade da chiudere in una giornata in cui ci sono molte attivit\u00e0 ma soprattutto le scuole aperte e perch\u00e8 il 24 da pi\u00f9 di una decina di anni in Italia si corre l&#8217;<strong>Elbaman<\/strong>, triathlon full storico e partecipato. Chi decider\u00e0 di correre l&#8217;Ironman Romagna non correr\u00e0 all&#8217;Elba e viceversa, quindi anche spostare l&#8217;appuntamento di una settimana non sarebbe servito a nulla. Ma sarebbe stato un bel gesto di cortesia che molti triatleti avrebbero apprezzato.\u00a0<\/article>\n","protected":false},"excerpt":{"rendered":"<p><p>Ironman arriva in Italia e non poteva che arrivare in Romagna. Terra di turismo e di sport, di ottime tradizioni, di ospitalit\u00e0 ma anche di business. La societ\u00e0 del gruppo Wanda Sports Holding, \u00a0ha annunciato questa mattina nella sede della Regione la prima volta della gara \u00a0Ironman su distanza full, perch\u00e8 in Italia gi\u00e0 c&#8217;\u00e8 Pescara che per\u00f2 sulla mezza distanza e ci sarebbe dovuta essere Roma ma poi non \u00e8 stato. Cos\u00ec ci si riprova e questa volta pare proprio\u00a0ci siano tuttte le condizioni perch\u00e8 il 23 settembre si possa cominciare. &#8220;Siamo entusiasti di aggiungere un secondo evento in [&hellip;]<\/p>\n&nbsp;&nbsp;<div class=\"readmore\"><a href=\"https:\/\/blog.ilgiornale.it\/ruzzo\/2016\/10\/25\/romagna-terra-di-ironman\/\">Continua a leggere...<\/a><\/div><\/p>","protected":false},"author":956,"featured_media":0,"comment_status":"open","ping_status":"closed","sticky":false,"template":"","format":"standard","meta":[],"categories":[1],"tags":[215781,215779,215780],"_links":{"self":[{"href":"https:\/\/blog.ilgiornale.it\/ruzzo\/wp-json\/wp\/v2\/posts\/20701"}],"collection":[{"href":"https:\/\/blog.ilgiornale.it\/ruzzo\/wp-json\/wp\/v2\/posts"}],"about":[{"href":"https:\/\/blog.ilgiornale.it\/ruzzo\/wp-json\/wp\/v2\/types\/post"}],"author":[{"embeddable":true,"href":"https:\/\/blog.ilgiornale.it\/ruzzo\/wp-json\/wp\/v2\/users\/956"}],"replies":[{"embeddable":true,"href":"https:\/\/blog.ilgiornale.it\/ruzzo\/wp-json\/wp\/v2\/comments?post=20701"}],"version-history":[{"count":2,"href":"https:\/\/blog.ilgiornale.it\/ruzzo\/wp-json\/wp\/v2\/posts\/20701\/revisions"}],"predecessor-version":[{"id":20708,"href":"https:\/\/blog.ilgiornale.it\/ruzzo\/wp-json\/wp\/v2\/posts\/20701\/revisions\/20708"}],"wp:attachment":[{"href":"https:\/\/blog.ilgiornale.it\/ruzzo\/wp-json\/wp\/v2\/media?parent=20701"}],"wp:term":[{"taxonomy":"category","embeddable":true,"href":"https:\/\/blog.ilgiornale.it\/ruzzo\/wp-json\/wp\/v2\/categories?post=20701"},{"taxonomy":"post_tag","embeddable":true,"href":"https:\/\/blog.ilgiornale.it\/ruzzo\/wp-json\/wp\/v2\/tags?post=20701"}],"curies":[{"name":"wp","href":"https:\/\/api.w.org\/{rel}","templated":true}]}}