{"id":20716,"date":"2016-10-27T19:51:23","date_gmt":"2016-10-27T17:51:23","guid":{"rendered":"https:\/\/blog.ilgiornale.it\/ruzzo\/?p=20716"},"modified":"2016-10-27T19:51:23","modified_gmt":"2016-10-27T17:51:23","slug":"i-giochi-prima-arena-e-idroscalo","status":"publish","type":"post","link":"https:\/\/blog.ilgiornale.it\/ruzzo\/2016\/10\/27\/i-giochi-prima-arena-e-idroscalo\/","title":{"rendered":"I Giochi? Prima Arena e Idroscalo"},"content":{"rendered":"<p><a href=\"https:\/\/blog.ilgiornale.it\/ruzzo\/files\/2016\/10\/idro.jpg\"><img loading=\"lazy\" class=\"alignleft size-medium wp-image-20718\" src=\"https:\/\/blog.ilgiornale.it\/ruzzo\/files\/2016\/10\/idro-225x300.jpg\" alt=\"idro\" width=\"225\" height=\"300\" srcset=\"https:\/\/blog.ilgiornale.it\/ruzzo\/files\/2016\/10\/idro-225x300.jpg 225w, https:\/\/blog.ilgiornale.it\/ruzzo\/files\/2016\/10\/idro.jpg 730w\" sizes=\"(max-width: 225px) 100vw, 225px\" \/><\/a>\u00abOra \u00e8 tutto da rifare&#8230;\u00bb. Sembra<strong> Gino Bartali<\/strong> il sindaco di Milano <strong>Giuseppe Sala<\/strong> che pedala spedito verso il quinto mese del suo mandato. Per\u00f2 in campagna elettorale ci aveva raccontato una citt\u00e0 diversa, ci aveva parlato di un&#8217;eredita meravigliosa che il suo collega <strong>Giuliano Pisapia<\/strong> gli aveva lasciato chiavi in mano e che lui avrebbe continuato a far crescere nel solco di una continuit\u00e0 che doveva essere il valore aggiunto della nuova politica del fare. E infatti, con una leggera rimescolata ha poi confermato anche molti degli assessori della giunta che l&#8217;ha preceduto perch\u00e8 come facevano i pretori nell&#8217;antica Roma avevan dato \u00abbuona prova\u00bb. E poi lamentarsi non \u00e8 un verbo che si addice alla laboriosit\u00e0 meneghina. Men che meno a un manager prestato alla politica. Ma qualcosa nelle ultime settimane deve essere successo, qualcosa dev&#8217;essere cambiato forse ( semplicemente) il sindaco si dev&#8217;essere reso conto che il lascito del suo predecessore avrebbe fatto meglio ad accettarlo con meno entusiamo e col benificio dell&#8217;inventario. C&#8217;\u00e8 molto che non va. E cos\u00ec oggi \u00e8 tutto (quasi tutto) da rifare, proprio come diceva Bartali. C&#8217;\u00e8 da mettere mano alle periferie dove poco o niente si \u00e8 fatto in questi anni, ma soprattutto c&#8217;\u00e8 da mettere mano agli impianti sportivi. Presentando pochi giorni fa la <strong>Powervolley,<\/strong> la squadra milanese di pallavolo che gioca in Superlega il massimo compionato italiano ma da anni ormai costretta a disputare le sue gare nel palazzetto Yamamay di Busto Arsizio perch\u00e8 il Palalido \u00e8 impantanato in un contenzioso giudiziario e chiss\u00e0 mai quando sar\u00f2 pronto, il sindaco ha in pratica alzato bandiera bianca. \u00abMilano dal punto di vista degli impianti sportivi \u00e8 inadeguata, sono quelli che sono &#8211; ha detto- e non in grado di far fronte ad una richiesta di sport che cresce e che non riguarda solo le squadre di vertice ma tutti i milanesi&#8230;\u00bb. Perfetto. Ben arrivato. Pi\u00f9 che da politico Sala ha parlato da manager. E da manager (si spera) prover\u00e0 a muoversi. Ieri ha incontrato il presidente del Coni <strong>Giovanni Malag\u00f2<\/strong>, che dopo lo schiaffo romano della <strong>Raggi<\/strong> vuole rilanciare Milano nella sfida di una candidatura olimpica. Qui il terreno \u00e8 buono. Ottimo. Idea e progetto sono \u00abgovernativi\u00bb ma anche il Pirellone ci tiene a scommettere sui Giochi magari in salsa un po&#8217; pi\u00f9 lombarda. E se un progetto del genere prendesse corpo l&#8217;occasione sarebbe ottima per mettere mano alla disastrosa situazione dell&#8217;impiantistica sportiva milanese. Certo la prospettiva non \u00e8 domani e neanche dopodomani. Oggi per\u00f2 qualcosa gi\u00e0 si potrebbe cominciare a fare. C&#8217;\u00e8 una pista d&#8217;atletica all&#8217;Arena che senza investimenti milionari potrebbe essere rimessa in sesto, ma anche qui pare che i termini siano lunghi, forse un paio di anni. E c&#8217;\u00e8 un impianto meraviglioso multisportivo che ci invidia mezza Europa come quello dell&#8217;Idroscalo che per un incomprensibile rimpiattino di competenze sta praticamente andando in malora. Molto si far\u00e0 e molto \u00e8 da rifare quindi. Ma intanto nell&#8217;attesa di un affascinante sogno olimpico si potrebbe cominciare far qualcosa.<\/p>\n","protected":false},"excerpt":{"rendered":"<p><p>\u00abOra \u00e8 tutto da rifare&#8230;\u00bb. Sembra Gino Bartali il sindaco di Milano Giuseppe Sala che pedala spedito verso il quinto mese del suo mandato. Per\u00f2 in campagna elettorale ci aveva raccontato una citt\u00e0 diversa, ci aveva parlato di un&#8217;eredita meravigliosa che il suo collega Giuliano Pisapia gli aveva lasciato chiavi in mano e che lui avrebbe continuato a far crescere nel solco di una continuit\u00e0 che doveva essere il valore aggiunto della nuova politica del fare. E infatti, con una leggera rimescolata ha poi confermato anche molti degli assessori della giunta che l&#8217;ha preceduto perch\u00e8 come facevano i pretori nell&#8217;antica [&hellip;]<\/p>\n&nbsp;&nbsp;<div class=\"readmore\"><a href=\"https:\/\/blog.ilgiornale.it\/ruzzo\/2016\/10\/27\/i-giochi-prima-arena-e-idroscalo\/\">Continua a leggere...<\/a><\/div><\/p>","protected":false},"author":956,"featured_media":0,"comment_status":"open","ping_status":"closed","sticky":false,"template":"","format":"standard","meta":[],"categories":[1],"tags":[],"_links":{"self":[{"href":"https:\/\/blog.ilgiornale.it\/ruzzo\/wp-json\/wp\/v2\/posts\/20716"}],"collection":[{"href":"https:\/\/blog.ilgiornale.it\/ruzzo\/wp-json\/wp\/v2\/posts"}],"about":[{"href":"https:\/\/blog.ilgiornale.it\/ruzzo\/wp-json\/wp\/v2\/types\/post"}],"author":[{"embeddable":true,"href":"https:\/\/blog.ilgiornale.it\/ruzzo\/wp-json\/wp\/v2\/users\/956"}],"replies":[{"embeddable":true,"href":"https:\/\/blog.ilgiornale.it\/ruzzo\/wp-json\/wp\/v2\/comments?post=20716"}],"version-history":[{"count":2,"href":"https:\/\/blog.ilgiornale.it\/ruzzo\/wp-json\/wp\/v2\/posts\/20716\/revisions"}],"predecessor-version":[{"id":20719,"href":"https:\/\/blog.ilgiornale.it\/ruzzo\/wp-json\/wp\/v2\/posts\/20716\/revisions\/20719"}],"wp:attachment":[{"href":"https:\/\/blog.ilgiornale.it\/ruzzo\/wp-json\/wp\/v2\/media?parent=20716"}],"wp:term":[{"taxonomy":"category","embeddable":true,"href":"https:\/\/blog.ilgiornale.it\/ruzzo\/wp-json\/wp\/v2\/categories?post=20716"},{"taxonomy":"post_tag","embeddable":true,"href":"https:\/\/blog.ilgiornale.it\/ruzzo\/wp-json\/wp\/v2\/tags?post=20716"}],"curies":[{"name":"wp","href":"https:\/\/api.w.org\/{rel}","templated":true}]}}