{"id":20728,"date":"2016-10-29T23:51:35","date_gmt":"2016-10-29T21:51:35","guid":{"rendered":"https:\/\/blog.ilgiornale.it\/ruzzo\/?p=20728"},"modified":"2016-10-29T23:51:35","modified_gmt":"2016-10-29T21:51:35","slug":"challenge-assalto-al-forte","status":"publish","type":"post","link":"https:\/\/blog.ilgiornale.it\/ruzzo\/2016\/10\/29\/challenge-assalto-al-forte\/","title":{"rendered":"Challenge, assalto al Forte"},"content":{"rendered":"<p><a href=\"https:\/\/blog.ilgiornale.it\/ruzzo\/files\/2016\/10\/unnamed-12.jpg\"><img loading=\"lazy\" class=\"alignleft size-medium wp-image-20732\" src=\"https:\/\/blog.ilgiornale.it\/ruzzo\/files\/2016\/10\/unnamed-12-300x225.jpg\" alt=\"unnamed (12)\" width=\"300\" height=\"225\" srcset=\"https:\/\/blog.ilgiornale.it\/ruzzo\/files\/2016\/10\/unnamed-12-300x225.jpg 300w, https:\/\/blog.ilgiornale.it\/ruzzo\/files\/2016\/10\/unnamed-12.jpg 851w\" sizes=\"(max-width: 300px) 100vw, 300px\" \/><\/a>Oggi, nel duathlon kids, \u00a0hanno cominciato i bambini. Duecento ragazzi per la solita festa che mette allegria e fa ben sperare visto che il futuro di uno sport che cresce passa proprio da qui. E&#8217; cominciato cos\u00ec l&#8217;assalto al Forte, nella quarta edizione del <strong>Challenge Sardinia,<\/strong> in una terra che De Andr\u00e8 ha \u00a0raccontato nella poesia di un indiano a cavallo che scruta la prateria e che \u00e8 oggi \u00e8 la magia di un&#8217;estate che non finisce mai. Che sfida l&#8217;ora solare, un&#8217;ora di sonno in pi\u00f9, \u00a0anticipo di un letargo che autorizza bilanci pi\u00f9 che sfide da metter in agenda. Ma \u00a0invece il <strong>Challenge<\/strong> sar\u00e0 gara vera. Anzi due perch\u00e8 oltre al medio, in molti proveranno a giocarsela nella staffetta e sulla distanza sprint. Assalto al forte e assalto ad <strong>Alessandro Degasperi,<\/strong> vincitore dell\u2019ultima edizione, reduce dalle Hawaii dove a Kona ha tenuto alti i colori azzurri. Dovr\u00e0 vedersela con una concorrenza agguerrita in una gara che neppure lui sa bene come potr\u00e0 andare visto che la fatica del mondiale \u00e8 ancora in circolo. Dovr\u00e0 guardarsi dal due volte campione europeo <strong>\u00a0Giulio Molinari<\/strong>\u00a0che tra tre settimane in Arizona far\u00e0 il suo debutto sulla distanza ironman e dal il campione europeo dello scorso anno<strong> Filip Ospaly<\/strong> ma anche dal nostro <strong>Massimo Cigana<\/strong>. Agguerrita la pattuglia tedesca capitanata da quel<strong> Boris Stein<\/strong> che poche settimane fa a Kona si \u00e8 piazzato terzo e quella asutriaca con<strong> Andreas Gyglmayr,<\/strong> vincitore quest\u2019anno dei \u00a0Challenge Regensburg e Almere. Tra le donne fari puntati sulle azzurre \u00a0<strong>Martina Dogana,<\/strong> <strong>Sara Dossena e Gaia Peron<\/strong> che dovranno fare i conti con l&#8217;ungherese <strong>Erica Csomor<\/strong> \u00a0quest&#8217;anno prima nel Challenge Venice con l&#8217;olandese<strong> Tine Deckers<\/strong> cinque volte vincitrice dell\u2019Ironman Francia.<\/p>\n","protected":false},"excerpt":{"rendered":"<p><p>Oggi, nel duathlon kids, \u00a0hanno cominciato i bambini. Duecento ragazzi per la solita festa che mette allegria e fa ben sperare visto che il futuro di uno sport che cresce passa proprio da qui. E&#8217; cominciato cos\u00ec l&#8217;assalto al Forte, nella quarta edizione del Challenge Sardinia, in una terra che De Andr\u00e8 ha \u00a0raccontato nella poesia di un indiano a cavallo che scruta la prateria e che \u00e8 oggi \u00e8 la magia di un&#8217;estate che non finisce mai. Che sfida l&#8217;ora solare, un&#8217;ora di sonno in pi\u00f9, \u00a0anticipo di un letargo che autorizza bilanci pi\u00f9 che sfide da metter in [&hellip;]<\/p>\n&nbsp;&nbsp;<div class=\"readmore\"><a href=\"https:\/\/blog.ilgiornale.it\/ruzzo\/2016\/10\/29\/challenge-assalto-al-forte\/\">Continua a leggere...<\/a><\/div><\/p>","protected":false},"author":956,"featured_media":0,"comment_status":"open","ping_status":"closed","sticky":false,"template":"","format":"standard","meta":[],"categories":[1],"tags":[215784,215785],"_links":{"self":[{"href":"https:\/\/blog.ilgiornale.it\/ruzzo\/wp-json\/wp\/v2\/posts\/20728"}],"collection":[{"href":"https:\/\/blog.ilgiornale.it\/ruzzo\/wp-json\/wp\/v2\/posts"}],"about":[{"href":"https:\/\/blog.ilgiornale.it\/ruzzo\/wp-json\/wp\/v2\/types\/post"}],"author":[{"embeddable":true,"href":"https:\/\/blog.ilgiornale.it\/ruzzo\/wp-json\/wp\/v2\/users\/956"}],"replies":[{"embeddable":true,"href":"https:\/\/blog.ilgiornale.it\/ruzzo\/wp-json\/wp\/v2\/comments?post=20728"}],"version-history":[{"count":4,"href":"https:\/\/blog.ilgiornale.it\/ruzzo\/wp-json\/wp\/v2\/posts\/20728\/revisions"}],"predecessor-version":[{"id":20733,"href":"https:\/\/blog.ilgiornale.it\/ruzzo\/wp-json\/wp\/v2\/posts\/20728\/revisions\/20733"}],"wp:attachment":[{"href":"https:\/\/blog.ilgiornale.it\/ruzzo\/wp-json\/wp\/v2\/media?parent=20728"}],"wp:term":[{"taxonomy":"category","embeddable":true,"href":"https:\/\/blog.ilgiornale.it\/ruzzo\/wp-json\/wp\/v2\/categories?post=20728"},{"taxonomy":"post_tag","embeddable":true,"href":"https:\/\/blog.ilgiornale.it\/ruzzo\/wp-json\/wp\/v2\/tags?post=20728"}],"curies":[{"name":"wp","href":"https:\/\/api.w.org\/{rel}","templated":true}]}}