{"id":20837,"date":"2016-11-12T17:52:48","date_gmt":"2016-11-12T16:52:48","guid":{"rendered":"https:\/\/blog.ilgiornale.it\/ruzzo\/?p=20837"},"modified":"2016-11-12T17:52:48","modified_gmt":"2016-11-12T16:52:48","slug":"raggio-ciclismi-possibili","status":"publish","type":"post","link":"https:\/\/blog.ilgiornale.it\/ruzzo\/2016\/11\/12\/raggio-ciclismi-possibili\/","title":{"rendered":"Raggio, ciclismi possibili"},"content":{"rendered":"<p><a href=\"https:\/\/blog.ilgiornale.it\/ruzzo\/files\/2016\/11\/bi56.jpg\"><img loading=\"lazy\" class=\"alignleft size-medium wp-image-20838\" src=\"https:\/\/blog.ilgiornale.it\/ruzzo\/files\/2016\/11\/bi56-300x200.jpg\" alt=\"bi56\" width=\"300\" height=\"200\" srcset=\"https:\/\/blog.ilgiornale.it\/ruzzo\/files\/2016\/11\/bi56-300x200.jpg 300w, https:\/\/blog.ilgiornale.it\/ruzzo\/files\/2016\/11\/bi56-1024x683.jpg 1024w, https:\/\/blog.ilgiornale.it\/ruzzo\/files\/2016\/11\/bi56.jpg 2048w\" sizes=\"(max-width: 300px) 100vw, 300px\" \/><\/a>Fiera, evento, \u00a0punto di incontro. Ovvero momento di condivisione di una passione ma anche di punti di vista simili. O, meglio ancora, differenti. Spazio per pedalare, per scoprire un mondo ma anche per divertirsi, curiosare, informarsi. Festival di ruote, pedivelle, libri, maglie e tutto ci\u00f2 che ha a che fare con la bicicletta. \u00abRaggio, stile di vita a pedali\u00bb che oggi e domani debutta <strong>Spazio Fase,<\/strong> l\u2019ex cartiera Pigna edificata a fine \u2018800, ad Alzano Lombardo a cura di Coffee and Television e Spazio Fase con il patrocinio del Comune di Alzano Lombardo, \u00e8 un po\u2019 tutto questo. &#8220;Nasce con l&#8217;obiettivo di promuovere la bicicletta come mezzo di trasporto quotidiano per una mobilit\u00e0 ecosostenibile- spiegano gli organizzatori- ma anche come oggetto di design, \u00a0di artigianalit\u00e0 e passione. Mostra tutte le sfumature di questo mondo&#8221;. E \u00a0accanto al mercato con alcuni tra i brand e le realt\u00e0 pi\u00f9 interessanti sul territorio italiano, una moltitudine di attivit\u00e0 collaterali tra workshop, gare ciclistiche, presentazioni di libri, \u00a0incontri in collaborazione con <strong>Cyclopride<\/strong> Italia. Sono presenti giovani designer, officine, negozi di accessori, produttori di biciclette artigianali e telaisti che venderanno direttamente al pubblico i loro prodotti, che potranno essere testati in un\u2019area dedicata. Dalle cargo bike alle bici sportive, dai leggerissimi telai al monopattino da citt\u00e0, dalle rivisitazioni dei classici ai prodotti pi\u00f9 alti sul mercato, fino alle startup. E cos\u00ec si parla e si raccontano tutti (o molti) dei ciclismi possibili. Li ha raccontati oggi lo scrittore <strong>Giacomo Pellizzari<\/strong> ma anche <strong>Roberto Peia<\/strong> che a Milano ha fondato l\u2019Upcycle Bike Caf\u00e8 e che ha spiegato come la bici pu\u00f2 diventare un mestiere. Li ha descritti con la poesia di cui \u00e8 capace <strong>Giancarlo Brocci<\/strong>, il fondatore dell\u2019Eroica, l\u2019evento ciclistico che ogni anno a Gaiole in Chianti porta sulle colline toscane migliaia di appassionati e che ha fatto vedere al mondo come un\u2019idea possa diventare moda, fenomeno ma anche il mezzo per difendere un patrimonio ambientale e culturale come le strade bianche delle colline toscane. Ma di bici si continuera a parlare domani in \u00abBike in the city\u00bb, una tavola rotonda moderata da <strong>Ercole Giammarco<\/strong>, presidente di Cyclopride Italia, con l\u2019onorevole della Commissione trasporti <strong>Paolo Gandolfi<\/strong> che parler\u00e0 del Nuovo codice della strada per una nuova idea di citt\u00e0 e con <strong>Giulietta Pagliaccio,<\/strong> presdiente della Fiab, la Federazione italiana amici della biciletta, che spiegher\u00e0 paech\u00e8 la bicicletta ci salva la vita. Infine lo scrittore <strong>Federico del Prete<\/strong> che guider\u00e0 gli appassionati in una pedalata nel costume e nella cultura del Novecento. Il tutto tra una sfida di bike polo, una caccia al tesoro tra le vie di Alzano Lombardo (ovviamente in bici) e un workshop per imparare a costruire una \u00ablampagrassa\u00bb, un vaso per piante grasse con un vecchio portalampada o una \u00abruvasota\u00bb, un portafiori con una \u00a0ruota riciclata.<\/p>\n","protected":false},"excerpt":{"rendered":"<p><p>Fiera, evento, \u00a0punto di incontro. Ovvero momento di condivisione di una passione ma anche di punti di vista simili. O, meglio ancora, differenti. Spazio per pedalare, per scoprire un mondo ma anche per divertirsi, curiosare, informarsi. Festival di ruote, pedivelle, libri, maglie e tutto ci\u00f2 che ha a che fare con la bicicletta. \u00abRaggio, stile di vita a pedali\u00bb che oggi e domani debutta Spazio Fase, l\u2019ex cartiera Pigna edificata a fine \u2018800, ad Alzano Lombardo a cura di Coffee and Television e Spazio Fase con il patrocinio del Comune di Alzano Lombardo, \u00e8 un po\u2019 tutto questo. &#8220;Nasce con [&hellip;]<\/p>\n&nbsp;&nbsp;<div class=\"readmore\"><a href=\"https:\/\/blog.ilgiornale.it\/ruzzo\/2016\/11\/12\/raggio-ciclismi-possibili\/\">Continua a leggere...<\/a><\/div><\/p>","protected":false},"author":956,"featured_media":0,"comment_status":"open","ping_status":"closed","sticky":false,"template":"","format":"standard","meta":[],"categories":[1],"tags":[],"_links":{"self":[{"href":"https:\/\/blog.ilgiornale.it\/ruzzo\/wp-json\/wp\/v2\/posts\/20837"}],"collection":[{"href":"https:\/\/blog.ilgiornale.it\/ruzzo\/wp-json\/wp\/v2\/posts"}],"about":[{"href":"https:\/\/blog.ilgiornale.it\/ruzzo\/wp-json\/wp\/v2\/types\/post"}],"author":[{"embeddable":true,"href":"https:\/\/blog.ilgiornale.it\/ruzzo\/wp-json\/wp\/v2\/users\/956"}],"replies":[{"embeddable":true,"href":"https:\/\/blog.ilgiornale.it\/ruzzo\/wp-json\/wp\/v2\/comments?post=20837"}],"version-history":[{"count":1,"href":"https:\/\/blog.ilgiornale.it\/ruzzo\/wp-json\/wp\/v2\/posts\/20837\/revisions"}],"predecessor-version":[{"id":20839,"href":"https:\/\/blog.ilgiornale.it\/ruzzo\/wp-json\/wp\/v2\/posts\/20837\/revisions\/20839"}],"wp:attachment":[{"href":"https:\/\/blog.ilgiornale.it\/ruzzo\/wp-json\/wp\/v2\/media?parent=20837"}],"wp:term":[{"taxonomy":"category","embeddable":true,"href":"https:\/\/blog.ilgiornale.it\/ruzzo\/wp-json\/wp\/v2\/categories?post=20837"},{"taxonomy":"post_tag","embeddable":true,"href":"https:\/\/blog.ilgiornale.it\/ruzzo\/wp-json\/wp\/v2\/tags?post=20837"}],"curies":[{"name":"wp","href":"https:\/\/api.w.org\/{rel}","templated":true}]}}