{"id":20863,"date":"2016-11-17T20:01:04","date_gmt":"2016-11-17T19:01:04","guid":{"rendered":"https:\/\/blog.ilgiornale.it\/ruzzo\/?p=20863"},"modified":"2016-11-17T20:01:04","modified_gmt":"2016-11-17T19:01:04","slug":"smarathon-un-mercatino-per-la-sma","status":"publish","type":"post","link":"https:\/\/blog.ilgiornale.it\/ruzzo\/2016\/11\/17\/smarathon-un-mercatino-per-la-sma\/","title":{"rendered":"Smarathon, un mercatino per la Sma"},"content":{"rendered":"<p><a href=\"https:\/\/blog.ilgiornale.it\/ruzzo\/files\/2016\/11\/15134753_10210314330522077_384865986936320111_n.jpg\"><img loading=\"lazy\" class=\"alignleft size-medium wp-image-20865\" src=\"https:\/\/blog.ilgiornale.it\/ruzzo\/files\/2016\/11\/15134753_10210314330522077_384865986936320111_n-300x191.jpg\" alt=\"15134753_10210314330522077_384865986936320111_n\" width=\"300\" height=\"191\" srcset=\"https:\/\/blog.ilgiornale.it\/ruzzo\/files\/2016\/11\/15134753_10210314330522077_384865986936320111_n-300x191.jpg 300w, https:\/\/blog.ilgiornale.it\/ruzzo\/files\/2016\/11\/15134753_10210314330522077_384865986936320111_n.jpg 960w\" sizes=\"(max-width: 300px) 100vw, 300px\" \/><\/a>Sabato 3 dicembre dalle 10 del mattino alle otto di sera\u00a0torna nello\u00a0spazio Arome in via Macedonio Melloni\u00a0al 9 <strong>\u00abFashion4SMArathon\u00bb<\/strong>, il mercatino di solidariet\u00e0 che raccoglie fondi \u00a0per finanziare la ricerca per la cura della <strong>Sma,<\/strong> l\u2019atrofia muscolare\u00a0spinale. Ogni anno vengono venduti prodotti di moda, design, beauty,\u00a0abbigliamento e sport donati da importanti marchi commerciali il cui\u00a0ricavato finisce come sempre per finanziare una serie di \u00a0progetti ed\u00a0iniziative che\u00a0sceglie per aiutare bambini e bambine affetti dall\u2019\u00a0Atrofia Muscolare Spinale. Negli anni passati,\u00a0sono state finanziate borse di Studio al <strong>Policlinico di Milano<\/strong>, <strong>all\u201dUniversit\u00e0 di Torino<\/strong>, \u00a0acquistati \u00a0macchinari per il laboratorio di <strong>Ricerca dell\u2019istituto Besta<\/strong>, \u00a0due \u00abslitte\u00bb che permettono ai bimbi con disabilit\u00e0 di praticare lo sci \u00a0per la scuola \u00a0Sportabili di Predazzo, \u00a0uno &#8220;job&#8221; la carrozzina con ruote speciali con cui i bimbi affetti da\u00a0Sma possono andare in spiaggia poi donata alla \u00a0colonia di Andora del Comune di\u00a0Milano. E lo scorso anno \u00e8 stata finanziata una borsa di studio per aiutare al figlio\u00a0di <strong>Fabrizio Cosi<\/strong>, il fondatore\u00a0dei <strong>Podisti di Marte<\/strong> scomparso poco tempo fa.\u00a0<strong>Smarathon<\/strong> sta sulle maglie di chi corre, di chi pedala e da qualche tempo anche su quelle di chi fa triathlon e di qualche Ironman. \u00a0<strong>Smarathon<\/strong> sta sulle canotte di tutti quelli che credono che sia giusto fare qualcosa per aiutare chi \u00e8 colpito dall\u2019atrofia muscolare spinale, una malattia genetica che colpisce un bimbo su seimila e che impedisce ai muscoli di svilupparsi e quindi di fare una vita normale.\u00a0 <strong>Smarathon<\/strong> \u00e8 dove capita, nelle tapasciate pi\u00f9 sperdute, nelle corse pi\u00f9 lontane, nelle maratone pi\u00f9 famose, in quelle meno fashion dove per\u00f2 la fatica \u00e8 sempre la stessa. \u00a0<strong>Smarathon<\/strong> \u00e8 \u00a0la passione e il cuore di <strong>Elena<\/strong> e <strong>Luca de Luca\u00a0<\/strong> che nel 2007 diiedero vita a questa associazione no profit per aiutare chi \u00e8 malato.\u00a0<strong>\u00a0<\/strong><strong>Smarathon<\/strong> \u00e8 un sorriso dove non sempre c\u2019\u00e8 voglia di\u00a0sorridere.<\/p>\n","protected":false},"excerpt":{"rendered":"<p><p>Sabato 3 dicembre dalle 10 del mattino alle otto di sera\u00a0torna nello\u00a0spazio Arome in via Macedonio Melloni\u00a0al 9 \u00abFashion4SMArathon\u00bb, il mercatino di solidariet\u00e0 che raccoglie fondi \u00a0per finanziare la ricerca per la cura della Sma, l\u2019atrofia muscolare\u00a0spinale. Ogni anno vengono venduti prodotti di moda, design, beauty,\u00a0abbigliamento e sport donati da importanti marchi commerciali il cui\u00a0ricavato finisce come sempre per finanziare una serie di \u00a0progetti ed\u00a0iniziative che\u00a0sceglie per aiutare bambini e bambine affetti dall\u2019\u00a0Atrofia Muscolare Spinale. Negli anni passati,\u00a0sono state finanziate borse di Studio al Policlinico di Milano, all\u201dUniversit\u00e0 di Torino, \u00a0acquistati \u00a0macchinari per il laboratorio di Ricerca dell\u2019istituto Besta, \u00a0due [&hellip;]<\/p>\n&nbsp;&nbsp;<div class=\"readmore\"><a href=\"https:\/\/blog.ilgiornale.it\/ruzzo\/2016\/11\/17\/smarathon-un-mercatino-per-la-sma\/\">Continua a leggere...<\/a><\/div><\/p>","protected":false},"author":956,"featured_media":0,"comment_status":"open","ping_status":"closed","sticky":false,"template":"","format":"standard","meta":[],"categories":[1],"tags":[8578,3407,3406],"_links":{"self":[{"href":"https:\/\/blog.ilgiornale.it\/ruzzo\/wp-json\/wp\/v2\/posts\/20863"}],"collection":[{"href":"https:\/\/blog.ilgiornale.it\/ruzzo\/wp-json\/wp\/v2\/posts"}],"about":[{"href":"https:\/\/blog.ilgiornale.it\/ruzzo\/wp-json\/wp\/v2\/types\/post"}],"author":[{"embeddable":true,"href":"https:\/\/blog.ilgiornale.it\/ruzzo\/wp-json\/wp\/v2\/users\/956"}],"replies":[{"embeddable":true,"href":"https:\/\/blog.ilgiornale.it\/ruzzo\/wp-json\/wp\/v2\/comments?post=20863"}],"version-history":[{"count":1,"href":"https:\/\/blog.ilgiornale.it\/ruzzo\/wp-json\/wp\/v2\/posts\/20863\/revisions"}],"predecessor-version":[{"id":20866,"href":"https:\/\/blog.ilgiornale.it\/ruzzo\/wp-json\/wp\/v2\/posts\/20863\/revisions\/20866"}],"wp:attachment":[{"href":"https:\/\/blog.ilgiornale.it\/ruzzo\/wp-json\/wp\/v2\/media?parent=20863"}],"wp:term":[{"taxonomy":"category","embeddable":true,"href":"https:\/\/blog.ilgiornale.it\/ruzzo\/wp-json\/wp\/v2\/categories?post=20863"},{"taxonomy":"post_tag","embeddable":true,"href":"https:\/\/blog.ilgiornale.it\/ruzzo\/wp-json\/wp\/v2\/tags?post=20863"}],"curies":[{"name":"wp","href":"https:\/\/api.w.org\/{rel}","templated":true}]}}