{"id":20916,"date":"2016-11-27T20:06:33","date_gmt":"2016-11-27T19:06:33","guid":{"rendered":"https:\/\/blog.ilgiornale.it\/ruzzo\/?p=20916"},"modified":"2016-11-27T20:06:33","modified_gmt":"2016-11-27T19:06:33","slug":"firenze-vale-sempre-una-maratona","status":"publish","type":"post","link":"https:\/\/blog.ilgiornale.it\/ruzzo\/2016\/11\/27\/firenze-vale-sempre-una-maratona\/","title":{"rendered":"Firenze vale sempre una maratona"},"content":{"rendered":"<p><a href=\"https:\/\/blog.ilgiornale.it\/ruzzo\/files\/2016\/11\/15272192_1275431949175386_210920931647399198_o.jpg\"><img loading=\"lazy\" class=\"alignright size-medium wp-image-20917\" src=\"https:\/\/blog.ilgiornale.it\/ruzzo\/files\/2016\/11\/15272192_1275431949175386_210920931647399198_o-300x200.jpg\" alt=\"15272192_1275431949175386_210920931647399198_o\" width=\"300\" height=\"200\" srcset=\"https:\/\/blog.ilgiornale.it\/ruzzo\/files\/2016\/11\/15272192_1275431949175386_210920931647399198_o-300x200.jpg 300w, https:\/\/blog.ilgiornale.it\/ruzzo\/files\/2016\/11\/15272192_1275431949175386_210920931647399198_o-1024x683.jpg 1024w, https:\/\/blog.ilgiornale.it\/ruzzo\/files\/2016\/11\/15272192_1275431949175386_210920931647399198_o.jpg 1125w\" sizes=\"(max-width: 300px) 100vw, 300px\" \/><\/a>Diecimila al via sono sempre un bel colpo d&#8217;occhio. Diecimila (runner pi\u00f9 runner meno) sono una cifra che dice che, \u00a0al di l\u00e0 di ogni interpretazione, una maratona \u00e8 di quelle che contano. E la <strong>Firenze Marathon<\/strong> ormai conta. E da diversi anni che conta anche se non sempre sono i numeri a decretare il successo di una gara. Serve altro. Per la maratona di Firenze, ad esempio, conta la magia di una citt\u00e0 che merita sempre una visita e che comunque ti lascia sempre qualcosa di indimenticabile da riportare a casa. Ma se poi i numeri sono importanti allora tanto meglio. E oggi per la 33ma edizione i &#8220;quasi diecimila al via&#8221;, come dicono gli organizzatori, confermano Firenze come seconda 42 chilometri italiana e prima in Europa tra le citt\u00e0 non capitali. Un bel colpo d\u2019occhio a cui ormai ci si \u00e8 anche abituati visto che \u00e8 il quinto anno consecutivo (e l&#8217;ottava volta nella storia) che la corsa supera la barriera dei 9mila iscritti. Tanti come sempre gli stranieri perch\u00e8 da queste parti si viene per correre ma anche per fare una vacanza con francesi, tedeschi e inglesi a guidare l\u2019invasione. Ed \u00e8 un classico per una citt\u00e0 d\u2019arte che permette ai maratoneti di apprezzarla in pieno con un percorso che arriva in Piazza Duomo dopo aver attraversato i viali, Ponte Vecchio e \u00a0tutti i principali e monumenti della citt\u00e0. E\u2019 il valore aggiunto di una corsa che per\u00f2 come tutte le maratone \u00e8 anche sfida agonistica. \u00a0Oggi la vittoria, \u00e8 andata all&#8217;etiope <strong>Teshome Shumi Yadete<\/strong> in 2h11&#8217;57&#8221;, all&#8217;esordio sulla distanza lunga, davanti al kenyano <strong>Sigei Kiprotich<\/strong> (2h14&#8217;15&#8221;) e all&#8217;eritreo &#8220;azzurro&#8221; trapiantato in Veneto <strong>Eyob Faniel Ghebrehiwetin<\/strong> 2h15&#8217;39&#8221;. \u00a0Il ventiquattrenne vive da dodici anni a Bassano del Grappa e corre per la Venice Marathon: &#8220;\u201cSono emozionato \u2013 ha raccontato al traguardo-\u00a0Ho avuto un po\u2019 di crampi verso il trentesimo chilometro ma non ho mollato. Ho ascoltato i consigli di <strong>Ruggero Pertile<\/strong> che mi sta seguendo da vicino da qualche mese insieme a <strong>Giancarlo Chittolini<\/strong> e mi avevano di stare tranquillo, di aspettare. Ho fatto cos\u00ec ho fatto ed \u00e8 andata davvero bene con la seconda parte di gara addirittura pi\u00f9 veloce della prima. Ho iniziato a recuperare posizioni su posizioni \u00a0e ho iniziato a crederci&#8230;&#8221;. Tra le donne vittoria keniana con <strong>Winny Jepkorir <\/strong>con il tempo di 2h28&#8217;46&#8221; (seconda migliore prestazione di sempre). Dietro di lei l&#8217;italiana <strong>Fatna Maraoui<\/strong>, Azzurra dell&#8217;Esercito, in 2h30&#8217;52&#8221; e \u00a0la bielorussa <strong>Nastassia Ivanov.<\/strong><\/p>\n","protected":false},"excerpt":{"rendered":"<p><p>Diecimila al via sono sempre un bel colpo d&#8217;occhio. Diecimila (runner pi\u00f9 runner meno) sono una cifra che dice che, \u00a0al di l\u00e0 di ogni interpretazione, una maratona \u00e8 di quelle che contano. E la Firenze Marathon ormai conta. E da diversi anni che conta anche se non sempre sono i numeri a decretare il successo di una gara. Serve altro. Per la maratona di Firenze, ad esempio, conta la magia di una citt\u00e0 che merita sempre una visita e che comunque ti lascia sempre qualcosa di indimenticabile da riportare a casa. Ma se poi i numeri sono importanti allora [&hellip;]<\/p>\n&nbsp;&nbsp;<div class=\"readmore\"><a href=\"https:\/\/blog.ilgiornale.it\/ruzzo\/2016\/11\/27\/firenze-vale-sempre-una-maratona\/\">Continua a leggere...<\/a><\/div><\/p>","protected":false},"author":956,"featured_media":0,"comment_status":"open","ping_status":"closed","sticky":false,"template":"","format":"standard","meta":[],"categories":[1],"tags":[215801,6113,215800],"_links":{"self":[{"href":"https:\/\/blog.ilgiornale.it\/ruzzo\/wp-json\/wp\/v2\/posts\/20916"}],"collection":[{"href":"https:\/\/blog.ilgiornale.it\/ruzzo\/wp-json\/wp\/v2\/posts"}],"about":[{"href":"https:\/\/blog.ilgiornale.it\/ruzzo\/wp-json\/wp\/v2\/types\/post"}],"author":[{"embeddable":true,"href":"https:\/\/blog.ilgiornale.it\/ruzzo\/wp-json\/wp\/v2\/users\/956"}],"replies":[{"embeddable":true,"href":"https:\/\/blog.ilgiornale.it\/ruzzo\/wp-json\/wp\/v2\/comments?post=20916"}],"version-history":[{"count":1,"href":"https:\/\/blog.ilgiornale.it\/ruzzo\/wp-json\/wp\/v2\/posts\/20916\/revisions"}],"predecessor-version":[{"id":20918,"href":"https:\/\/blog.ilgiornale.it\/ruzzo\/wp-json\/wp\/v2\/posts\/20916\/revisions\/20918"}],"wp:attachment":[{"href":"https:\/\/blog.ilgiornale.it\/ruzzo\/wp-json\/wp\/v2\/media?parent=20916"}],"wp:term":[{"taxonomy":"category","embeddable":true,"href":"https:\/\/blog.ilgiornale.it\/ruzzo\/wp-json\/wp\/v2\/categories?post=20916"},{"taxonomy":"post_tag","embeddable":true,"href":"https:\/\/blog.ilgiornale.it\/ruzzo\/wp-json\/wp\/v2\/tags?post=20916"}],"curies":[{"name":"wp","href":"https:\/\/api.w.org\/{rel}","templated":true}]}}