{"id":21181,"date":"2017-01-15T19:16:09","date_gmt":"2017-01-15T18:16:09","guid":{"rendered":"https:\/\/blog.ilgiornale.it\/ruzzo\/?p=21181"},"modified":"2017-01-15T19:16:09","modified_gmt":"2017-01-15T18:16:09","slug":"nibali-e-la-magia-della-radio","status":"publish","type":"post","link":"https:\/\/blog.ilgiornale.it\/ruzzo\/2017\/01\/15\/nibali-e-la-magia-della-radio\/","title":{"rendered":"Nibali e la magia della radio"},"content":{"rendered":"<p><a href=\"https:\/\/blog.ilgiornale.it\/ruzzo\/files\/2017\/01\/nib.jpg\"><img loading=\"lazy\" class=\"alignleft size-full wp-image-21182\" src=\"https:\/\/blog.ilgiornale.it\/ruzzo\/files\/2017\/01\/nib.jpg\" alt=\"nib\" width=\"290\" height=\"290\" srcset=\"https:\/\/blog.ilgiornale.it\/ruzzo\/files\/2017\/01\/nib.jpg 290w, https:\/\/blog.ilgiornale.it\/ruzzo\/files\/2017\/01\/nib-150x150.jpg 150w\" sizes=\"(max-width: 290px) 100vw, 290px\" \/><\/a>La sfida continua nel Bahrain ma ci\u00f2 che \u00e8 fatto resta. \u00a0Ed \u00e8 storia. \u00a0Che\u00a0<strong>Vincenzo Nibali<\/strong> ieri ha messo insieme ad<strong> Extratime <\/strong>\u00a0su<strong> RadioUno,<\/strong>\u00a0 la trasmissione di <strong>Paolo Zauli<\/strong> condotta da <strong>Massimiliano Graziani<\/strong> dove lo sport si racconta. Fuori dai campi di gara, quando il cronometro non scorre, \u00a0tra le righe di personaggi, atleti, gioie, fatica, vittorie e sconfitte. \u00a0E quella di<strong> Nibali<\/strong> \u00e8 una storia importante, grande come pu\u00f2 essere quella di un ciclista moderno che ha scritto pagine antiche vincendo, come a pochi \u00e8 capitato, Giro, Tour e Vuelta, la tripla corona: &#8220;Mi manca solo il mondiale- ha spiegato agli ascoltatori di <strong>RadioUno-<\/strong> la maglia arcobaleno \u00e8 un mio sogno anche perch\u00e8 poi la tieni sulle spalle un anno intero&#8230;Mi piacerebbe anche se sono gi\u00e0 soddisfatto di ci\u00f2 che ho fatto&#8221;. Non \u00e8 finita. Dalla <strong>Bahrain-Merida<\/strong> si riparte e non sar\u00e0 un riposo dorato da fine carriera: &#8220;Oggi si corre fino a trentasette, trent&#8217;otto anni- spiega &#8211; anche se poi un campione lo capisce quando pu\u00f2 bastare. Questo lavoro \u00e8 passione ma soprattutto uno stile di vita&#8230;&#8221;. E forse il segreto per correre e continuare a vincere \u00a0\u00e8 tutto l\u00ec. Istinto e tattica. Pi\u00f9 istinto che tattica anche se nel ciclismo di oggi sono radioline e computerini a dettare i tempi: &#8220;S\u00ec per\u00f2 durante una gara non si deve pensare troppo- racconta <strong>Nibali<\/strong>&#8211; Non bisogna aver paura di fare una mossa&#8221;. Scattare in salita e magari scattare anche in discesa, come al Lombardia, due anni fa, con il tricolore che tornava cos\u00ec ad avvolgere una classica monumento dopo sette anni di vittorie stranire: &#8220;La gara pi\u00f9 bella che ho vinto- ricorda- Se dovessi scegliere, forse quella a cui tengo di pi\u00f9&#8230;&#8221;. Pi\u00f9 del pav\u00e8 di<strong> Sheffield<\/strong> che in un certo senso gli consegn\u00f2 il Tour, pi\u00f9 della tappa vinta a Sant&#8217;Anna di Vinadio che quest&#8217;anno gli ha riconsegnato un Giro che sembrava gi\u00e0 vinto da Chavez. E&#8217; un nastro che si riavvolge, con la magia della radio che fa rivivere maglie e vittorie con la voci degli inviati sulle moto, con quelle degli amici di Messina che l&#8217;hanno visto crescere, che l&#8217;hanno soprannominato &#8220;squalo&#8221; per come correva, perch\u00e8 attaccava sempre, perch\u00e8 non stava mai fermo. Con quella di suo cugino<strong> Cosimo<\/strong> che racconta le difficolt\u00e0 a scuola, i brutti voti e la prima bici tagliata in due suo padre con un flessibile perch\u00e8 in classe aveva picchiato un compagno: &lt;S\u00ec \u00e8 vero- ricorda Nibali- me la tagli\u00f2 in due per punizione e ci rimasi malissimo&#8230;Poi per\u00f2 me la sald\u00f2, la rivernici\u00f2 e torn\u00f2 esattamente come prima&#8230;&#8221;. E tutto ricomincia. Oggi come allora, come sempre. Perch\u00e8, come ricordava <strong>Fiorenzo Magni<\/strong>: &#8220;Nibali? Ha cuore, testa e gambe&#8230;&#8221;. E nel ciclismo \u00e8 ci\u00f2 che serve.<\/p>\n<p><a href=\"http:\/\/www.rai.tv\/dl\/portaleRadio\/media\/ContentItem-f9db7cfe-97ef-4cf1-a6d9-d4d1cde2064a.html\">http:\/\/www.rai.tv\/dl\/portaleRadio\/media\/ContentItem-f9db7cfe-97ef-4cf1-a6d9-d4d1cde2064a.html<\/a><\/p>\n","protected":false},"excerpt":{"rendered":"<p><p>La sfida continua nel Bahrain ma ci\u00f2 che \u00e8 fatto resta. \u00a0Ed \u00e8 storia. \u00a0Che\u00a0Vincenzo Nibali ieri ha messo insieme ad Extratime \u00a0su RadioUno,\u00a0 la trasmissione di Paolo Zauli condotta da Massimiliano Graziani dove lo sport si racconta. Fuori dai campi di gara, quando il cronometro non scorre, \u00a0tra le righe di personaggi, atleti, gioie, fatica, vittorie e sconfitte. \u00a0E quella di Nibali \u00e8 una storia importante, grande come pu\u00f2 essere quella di un ciclista moderno che ha scritto pagine antiche vincendo, come a pochi \u00e8 capitato, Giro, Tour e Vuelta, la tripla corona: &#8220;Mi manca solo il mondiale- ha [&hellip;]<\/p>\n&nbsp;&nbsp;<div class=\"readmore\"><a href=\"https:\/\/blog.ilgiornale.it\/ruzzo\/2017\/01\/15\/nibali-e-la-magia-della-radio\/\">Continua a leggere...<\/a><\/div><\/p>","protected":false},"author":956,"featured_media":0,"comment_status":"open","ping_status":"closed","sticky":false,"template":"","format":"standard","meta":[],"categories":[1],"tags":[],"_links":{"self":[{"href":"https:\/\/blog.ilgiornale.it\/ruzzo\/wp-json\/wp\/v2\/posts\/21181"}],"collection":[{"href":"https:\/\/blog.ilgiornale.it\/ruzzo\/wp-json\/wp\/v2\/posts"}],"about":[{"href":"https:\/\/blog.ilgiornale.it\/ruzzo\/wp-json\/wp\/v2\/types\/post"}],"author":[{"embeddable":true,"href":"https:\/\/blog.ilgiornale.it\/ruzzo\/wp-json\/wp\/v2\/users\/956"}],"replies":[{"embeddable":true,"href":"https:\/\/blog.ilgiornale.it\/ruzzo\/wp-json\/wp\/v2\/comments?post=21181"}],"version-history":[{"count":1,"href":"https:\/\/blog.ilgiornale.it\/ruzzo\/wp-json\/wp\/v2\/posts\/21181\/revisions"}],"predecessor-version":[{"id":21183,"href":"https:\/\/blog.ilgiornale.it\/ruzzo\/wp-json\/wp\/v2\/posts\/21181\/revisions\/21183"}],"wp:attachment":[{"href":"https:\/\/blog.ilgiornale.it\/ruzzo\/wp-json\/wp\/v2\/media?parent=21181"}],"wp:term":[{"taxonomy":"category","embeddable":true,"href":"https:\/\/blog.ilgiornale.it\/ruzzo\/wp-json\/wp\/v2\/categories?post=21181"},{"taxonomy":"post_tag","embeddable":true,"href":"https:\/\/blog.ilgiornale.it\/ruzzo\/wp-json\/wp\/v2\/tags?post=21181"}],"curies":[{"name":"wp","href":"https:\/\/api.w.org\/{rel}","templated":true}]}}