{"id":21205,"date":"2017-01-18T18:45:46","date_gmt":"2017-01-18T17:45:46","guid":{"rendered":"https:\/\/blog.ilgiornale.it\/ruzzo\/?p=21205"},"modified":"2017-01-18T18:52:09","modified_gmt":"2017-01-18T17:52:09","slug":"nello-sport-e-nello-studio-non-basta-partecipare","status":"publish","type":"post","link":"https:\/\/blog.ilgiornale.it\/ruzzo\/2017\/01\/18\/nello-sport-e-nello-studio-non-basta-partecipare\/","title":{"rendered":"Nello sport (e nello studio) non basta partecipare&#8230;"},"content":{"rendered":"<p>Dal 2018 agli esami di maturit\u00e0 si verr\u00e0 ammessi anche con qualche insufficienza in pagella. Faranno media anche religione e condotta e, a parte casi clamorosi e irreversibili, passeranno un po&#8217; tutti. Piaccia o no \u00e8&#8217; un po&#8217; il ritorno al 6 politico, che andava tanto di moda qualche annetto fa. E, fermo restando che pi\u00f9 ragazzi studiano, si diplomano pi\u00f9 il Paese cresce in educazione e cultura a prescindere dai voti, resta il fatto che lo studio un po&#8217; \u00e8 come lo sport. Non sempre basta partecipare. Nello studio e nello sport serve il talento ma da solo non basta, perch\u00e8 se non ci sono persevereanza e applicazione si resta al palo. Nello studio e nello sport \u00a0si impara subito a proprie spese che le scorciatoie non portano lontano: pu\u00f2 andare bene per un&#8217;interrogazione, per una gara ma alla lunga chi ha basi e preparazione seria ti passa davanti. Nello studio e nello sport \u00a0c&#8217;\u00e8 un rapporto diretto tra ci\u00f2 che si fa e ci\u00f2 che torna indietro: cos\u00ec se studi passi un esame e se ti alleni farai una buona gara. Non si scappa. Nello studio e nello sport , soprattutto se si parte dal presupposto che tutti arriveranno al traguardo, conta come\u00a0ci si arriva. Non \u00e8 vero che una maturit\u00e0 &#8220;strappata&#8221; per benevolenza ha lo stesso peso di un voto pieno e con lode. Cos\u00ec come non \u00e8 vero che arrivare in fondo a una maratona, a un triathlon o a un ironman trascinandosi, sfiniti e sfatti sia sinonimo di un eroismo epico a prescindere. C&#8217;\u00e8 troppa, inutile e pericolosa retorica in certi finali. Conta come si finisce , eccome se conta. Conta nello sport e conta nella scuola. E non sarebbe male ricordarselo ogni tanto&#8230;<\/p>\n","protected":false},"excerpt":{"rendered":"<p><p>Dal 2018 agli esami di maturit\u00e0 si verr\u00e0 ammessi anche con qualche insufficienza in pagella. Faranno media anche religione e condotta e, a parte casi clamorosi e irreversibili, passeranno un po&#8217; tutti. Piaccia o no \u00e8&#8217; un po&#8217; il ritorno al 6 politico, che andava tanto di moda qualche annetto fa. E, fermo restando che pi\u00f9 ragazzi studiano, si diplomano pi\u00f9 il Paese cresce in educazione e cultura a prescindere dai voti, resta il fatto che lo studio un po&#8217; \u00e8 come lo sport. Non sempre basta partecipare. Nello studio e nello sport serve il talento ma da solo non [&hellip;]<\/p>\n&nbsp;&nbsp;<div class=\"readmore\"><a href=\"https:\/\/blog.ilgiornale.it\/ruzzo\/2017\/01\/18\/nello-sport-e-nello-studio-non-basta-partecipare\/\">Continua a leggere...<\/a><\/div><\/p>","protected":false},"author":956,"featured_media":0,"comment_status":"open","ping_status":"closed","sticky":false,"template":"","format":"standard","meta":[],"categories":[1],"tags":[],"_links":{"self":[{"href":"https:\/\/blog.ilgiornale.it\/ruzzo\/wp-json\/wp\/v2\/posts\/21205"}],"collection":[{"href":"https:\/\/blog.ilgiornale.it\/ruzzo\/wp-json\/wp\/v2\/posts"}],"about":[{"href":"https:\/\/blog.ilgiornale.it\/ruzzo\/wp-json\/wp\/v2\/types\/post"}],"author":[{"embeddable":true,"href":"https:\/\/blog.ilgiornale.it\/ruzzo\/wp-json\/wp\/v2\/users\/956"}],"replies":[{"embeddable":true,"href":"https:\/\/blog.ilgiornale.it\/ruzzo\/wp-json\/wp\/v2\/comments?post=21205"}],"version-history":[{"count":4,"href":"https:\/\/blog.ilgiornale.it\/ruzzo\/wp-json\/wp\/v2\/posts\/21205\/revisions"}],"predecessor-version":[{"id":21209,"href":"https:\/\/blog.ilgiornale.it\/ruzzo\/wp-json\/wp\/v2\/posts\/21205\/revisions\/21209"}],"wp:attachment":[{"href":"https:\/\/blog.ilgiornale.it\/ruzzo\/wp-json\/wp\/v2\/media?parent=21205"}],"wp:term":[{"taxonomy":"category","embeddable":true,"href":"https:\/\/blog.ilgiornale.it\/ruzzo\/wp-json\/wp\/v2\/categories?post=21205"},{"taxonomy":"post_tag","embeddable":true,"href":"https:\/\/blog.ilgiornale.it\/ruzzo\/wp-json\/wp\/v2\/tags?post=21205"}],"curies":[{"name":"wp","href":"https:\/\/api.w.org\/{rel}","templated":true}]}}