{"id":21210,"date":"2017-01-20T19:48:38","date_gmt":"2017-01-20T18:48:38","guid":{"rendered":"https:\/\/blog.ilgiornale.it\/ruzzo\/?p=21210"},"modified":"2017-01-20T19:48:38","modified_gmt":"2017-01-20T18:48:38","slug":"il-giro-sempre-meno-ditalia","status":"publish","type":"post","link":"https:\/\/blog.ilgiornale.it\/ruzzo\/2017\/01\/20\/il-giro-sempre-meno-ditalia\/","title":{"rendered":"Il Giro sempre meno d&#8217;Italia"},"content":{"rendered":"<p><a href=\"https:\/\/blog.ilgiornale.it\/ruzzo\/files\/2017\/01\/Giro_d_Italia.svg_.png\"><img loading=\"lazy\" class=\"alignleft size-medium wp-image-21221\" src=\"https:\/\/blog.ilgiornale.it\/ruzzo\/files\/2017\/01\/Giro_d_Italia.svg_-300x196.png\" alt=\"Giro_d_Italia.svg\" width=\"300\" height=\"196\" srcset=\"https:\/\/blog.ilgiornale.it\/ruzzo\/files\/2017\/01\/Giro_d_Italia.svg_-300x196.png 300w, https:\/\/blog.ilgiornale.it\/ruzzo\/files\/2017\/01\/Giro_d_Italia.svg_-1024x670.png 1024w, https:\/\/blog.ilgiornale.it\/ruzzo\/files\/2017\/01\/Giro_d_Italia.svg_.png 1280w\" sizes=\"(max-width: 300px) 100vw, 300px\" \/><\/a>E&#8217; un Giro sempre meno d&#8217;Italia. Il minimo indispensabile. Perch\u00e8 il Giro del Centenario \u00a0fa i suoi conti e i conti sono business. Tra le wild card, ovvero tra le squadre invitate, ci sono solo due team italiani, la <strong>Bardiani Csf<\/strong> che si \u00e8 \u00a0conquistata l\u2019invito vincendo la Coppa Italia come nei patti con la Federazione \u00a0e la <strong>Wilier Triestina. <\/strong>Restano invece a casa la\u00a0<strong>Nippo Fantini De Rosa e l\u2019Androni giocattoli. \u00a0<\/strong>In gruppo al\u00a0loro posto ci saranno \u00a0la <strong>Ccc Sprandi Polkowice<\/strong>\u00a0 e la <strong>Gazprom Rusvelo<\/strong>: la squadra polacca \u00a0perch\u00e8 nel 2018 la \u00a0corsa rosa potrebbe partire da Varsavia per ricordare i 40 anni dall\u2019elezione di Carol Wojtyla, quella russa &#8220;garantita&#8221; dall&#8217;intervento di due sponsor pesanti. \u00a0Cos\u00ec i conti tornano, in un ciclismo che oggi deve necessariamente farli perch\u00e8 sarebbe ingenuo pensare di sottrarlo alle leggi del business. Ci\u00f2 detto la polemica c&#8217;\u00e8 tutta. \u00a0In Francia, al Tour, dove il business \u00e8 pi\u00f9 business che da noi, l&#8217;assegnazione delle wild card \u00a0segue la logica ferrea dello sciovinismo\u00a0transalpino, lo stesso che (&#8220;cascasse il mondo&#8221;) fissa l&#8217;arrivo dell&#8217;ultima tappa sui Campi Elisi a Parigi \u00a0a prescindere da qualsiasi trattativa politica ed economica con le amministrazioni di altre citt\u00e0. Non solo. La vetrina del Giro per le poche squadre italiane rimaste \u00e8 l&#8217;unica ragione di vita, la sola che giustifichi gli investimenti economici di sempre pi\u00f9 rari magnati appassionati del pedale e la sola in grado di convincere gli sponsor in fuga dal ciclismo a non andarsene del tutto. E infatti Androni e Nippo Fantini non l&#8217;hanno presa benissimo. <strong>Mario Androni<\/strong> ha gi\u00e0 annunciato che a fine stagione lascer\u00e0 il ciclismo e \u00a0la Nippo Fantini potrebbe fare la stessa. &#8220;Abbiamo provato a\u00a0cambiare questo sport portandoci delle regole \u00a0che potevano creargli un futuro-\u00a0ricorda \u00a0<strong>Valentino Sciotti,<\/strong> patron della Nippo Fantini- Ma forse \u00e8 pi\u00f9 importante vincere che, valutare come lo si fa!\u00a0Mi dispiace non baratto il mio essere con nessun privilegio, piuttosto lascio un mondo che ho amato e che ho scoperto essere diverso da quello che pensavo&#8230;&#8221;. <strong>Sciotti<\/strong>\u00a0, in una lettera elenca tutti i motivi per cui si aspettava di ricevere una wild card dagli organizzatori di Rcs: &#8220;Eravamo all&#8217;altezza. Abbiamo in squadra un recente campione italiano, il colombiano che nell&#8217;ultima edizione ha vinto la maglia degli scalatori, ci siamo dati un codice etico, siamo l&#8217;unico team al mondo<em>\u00a0<\/em>che obbliga i propri ciclisti a pubblicare i dati del loro passaporto biologico, non abbiamo mai avuto corridori squalificati, indagati o multati e abbiamo\u00a0demandato la gestione medica dei nostri atleti ad una Universit\u00e0 che effettua controlli costanti&#8230;&#8221; Per il ciclismo azzurro non \u00e8 un momento felice, \u00a0dopo l\u2019emigrazione forzata della<strong> Lampre<\/strong> nel regno degli emiri e quella di <strong>Nibali<\/strong> nel Barhein non c\u2019\u00e8 pi\u00f9 una formazione World Tour, la serie A. \u00a0Il Giro, il Giro del Centenario, era l&#8217;occasione per metter in vetrina ci\u00f2 che restava, per far brillare l&#8217;argenteria di quelle \u00a0squadre italiane che ormai pedalano in retrovia. Ma \u00a0&#8220;business is business&#8221; e non si fanno sconti.<\/p>\n","protected":false},"excerpt":{"rendered":"<p><p>E&#8217; un Giro sempre meno d&#8217;Italia. Il minimo indispensabile. Perch\u00e8 il Giro del Centenario \u00a0fa i suoi conti e i conti sono business. Tra le wild card, ovvero tra le squadre invitate, ci sono solo due team italiani, la Bardiani Csf che si \u00e8 \u00a0conquistata l\u2019invito vincendo la Coppa Italia come nei patti con la Federazione \u00a0e la Wilier Triestina. Restano invece a casa la\u00a0Nippo Fantini De Rosa e l\u2019Androni giocattoli. \u00a0In gruppo al\u00a0loro posto ci saranno \u00a0la Ccc Sprandi Polkowice\u00a0 e la Gazprom Rusvelo: la squadra polacca \u00a0perch\u00e8 nel 2018 la \u00a0corsa rosa potrebbe partire da Varsavia per ricordare [&hellip;]<\/p>\n&nbsp;&nbsp;<div class=\"readmore\"><a href=\"https:\/\/blog.ilgiornale.it\/ruzzo\/2017\/01\/20\/il-giro-sempre-meno-ditalia\/\">Continua a leggere...<\/a><\/div><\/p>","protected":false},"author":956,"featured_media":0,"comment_status":"open","ping_status":"closed","sticky":false,"template":"","format":"standard","meta":[],"categories":[1],"tags":[215843,215841,215842,215846,215844,215845],"_links":{"self":[{"href":"https:\/\/blog.ilgiornale.it\/ruzzo\/wp-json\/wp\/v2\/posts\/21210"}],"collection":[{"href":"https:\/\/blog.ilgiornale.it\/ruzzo\/wp-json\/wp\/v2\/posts"}],"about":[{"href":"https:\/\/blog.ilgiornale.it\/ruzzo\/wp-json\/wp\/v2\/types\/post"}],"author":[{"embeddable":true,"href":"https:\/\/blog.ilgiornale.it\/ruzzo\/wp-json\/wp\/v2\/users\/956"}],"replies":[{"embeddable":true,"href":"https:\/\/blog.ilgiornale.it\/ruzzo\/wp-json\/wp\/v2\/comments?post=21210"}],"version-history":[{"count":6,"href":"https:\/\/blog.ilgiornale.it\/ruzzo\/wp-json\/wp\/v2\/posts\/21210\/revisions"}],"predecessor-version":[{"id":21222,"href":"https:\/\/blog.ilgiornale.it\/ruzzo\/wp-json\/wp\/v2\/posts\/21210\/revisions\/21222"}],"wp:attachment":[{"href":"https:\/\/blog.ilgiornale.it\/ruzzo\/wp-json\/wp\/v2\/media?parent=21210"}],"wp:term":[{"taxonomy":"category","embeddable":true,"href":"https:\/\/blog.ilgiornale.it\/ruzzo\/wp-json\/wp\/v2\/categories?post=21210"},{"taxonomy":"post_tag","embeddable":true,"href":"https:\/\/blog.ilgiornale.it\/ruzzo\/wp-json\/wp\/v2\/tags?post=21210"}],"curies":[{"name":"wp","href":"https:\/\/api.w.org\/{rel}","templated":true}]}}