{"id":21240,"date":"2017-01-23T21:16:36","date_gmt":"2017-01-23T20:16:36","guid":{"rendered":"https:\/\/blog.ilgiornale.it\/ruzzo\/?p=21240"},"modified":"2017-01-23T21:29:52","modified_gmt":"2017-01-23T20:29:52","slug":"le-bici-rovinano-i-parchi","status":"publish","type":"post","link":"https:\/\/blog.ilgiornale.it\/ruzzo\/2017\/01\/23\/le-bici-rovinano-i-parchi\/","title":{"rendered":"Le bici rovinano i parchi?"},"content":{"rendered":"<p>Complicato fare sport a Milano. Soprattutto ad alto livello. Manca un Palasport degno di tal nome e anche una piscina olimpionica, tanto per fare due esempi. Ma fortunatamente lo sport \u00e8 anche all\u2019aperto e qui il discorso un po\u2019 cambia. Cominciando dall\u2019Idroscalo che \u00e8 uno degli impianti sportivi pi\u00f9 belli d\u2019Europa che negli ultimi anni pare inspiegabilmente dimenticato e abbandonato ad un destino che nulla di buono lascia presagire, spesso, i grandi eventi in citt\u00e0 sono sempre accompagnati dalle polemiche. Anni fa al Parco Sempione venne organizzata una tappa della coppa del Mondo di sci da fondo, con giornalisti e tv accreditati da mezzo pianeta, campioni e anche una grande cornice di pubblico. L\u2019organizzazione port\u00f2 la neve artificiale al Sempione, costru\u00ec una pista da fondo straordinaria e, dopo la domenica della gara, la lasci\u00f2 in eredit\u00e0 (gratis) ai milanesi che volevano divertirsi. E fu un successo. Ma non bast\u00f2. Perch\u00e8 gli ambientalisti (e non solo) fecero polemica sul fatto che neve e sciatori avevano rovinato il parco a cui si aggiunse il conto ( salatissimo) che che Palazzo Marino present\u00f2 a chi aveva organizzato l gara per l\u2019occupazione del suolo pubblico. Ora lo scontro \u00e8 con i ciclisti che il 12 marzo si sfideranno nella Internaztional Series, la sfida che vale un mondiale, sulle rampe della Montagnetta. Anche qui non si tratta di una garetta sociale, ci sono in gara campioni e medaglie olimpiche. Ma non basta. \u00abLe bici potrebbero rovinare il parco&#8230;\u00bb spiegano ancora una volta gli ambientalisti, i Verdi del Municipio 8 che \u00e8 quello che ha competenza sul Monte Stella. Stop quindi con tanto di diffida alla Federciclismo. Per\u00f2 a questo sarebbe bello capire quale deve essere l\u2019uso degli spazi verdi. Camminare, contemplare e filosofeggiare? Oppure, magari, anche correre, scalare le salite in bici, giocare a calcio e goderseli?<\/p>\n","protected":false},"excerpt":{"rendered":"<p><p>Complicato fare sport a Milano. Soprattutto ad alto livello. Manca un Palasport degno di tal nome e anche una piscina olimpionica, tanto per fare due esempi. Ma fortunatamente lo sport \u00e8 anche all\u2019aperto e qui il discorso un po\u2019 cambia. Cominciando dall\u2019Idroscalo che \u00e8 uno degli impianti sportivi pi\u00f9 belli d\u2019Europa che negli ultimi anni pare inspiegabilmente dimenticato e abbandonato ad un destino che nulla di buono lascia presagire, spesso, i grandi eventi in citt\u00e0 sono sempre accompagnati dalle polemiche. Anni fa al Parco Sempione venne organizzata una tappa della coppa del Mondo di sci da fondo, con giornalisti e [&hellip;]<\/p>\n&nbsp;&nbsp;<div class=\"readmore\"><a href=\"https:\/\/blog.ilgiornale.it\/ruzzo\/2017\/01\/23\/le-bici-rovinano-i-parchi\/\">Continua a leggere...<\/a><\/div><\/p>","protected":false},"author":956,"featured_media":0,"comment_status":"open","ping_status":"closed","sticky":false,"template":"","format":"standard","meta":[],"categories":[1],"tags":[],"_links":{"self":[{"href":"https:\/\/blog.ilgiornale.it\/ruzzo\/wp-json\/wp\/v2\/posts\/21240"}],"collection":[{"href":"https:\/\/blog.ilgiornale.it\/ruzzo\/wp-json\/wp\/v2\/posts"}],"about":[{"href":"https:\/\/blog.ilgiornale.it\/ruzzo\/wp-json\/wp\/v2\/types\/post"}],"author":[{"embeddable":true,"href":"https:\/\/blog.ilgiornale.it\/ruzzo\/wp-json\/wp\/v2\/users\/956"}],"replies":[{"embeddable":true,"href":"https:\/\/blog.ilgiornale.it\/ruzzo\/wp-json\/wp\/v2\/comments?post=21240"}],"version-history":[{"count":4,"href":"https:\/\/blog.ilgiornale.it\/ruzzo\/wp-json\/wp\/v2\/posts\/21240\/revisions"}],"predecessor-version":[{"id":21244,"href":"https:\/\/blog.ilgiornale.it\/ruzzo\/wp-json\/wp\/v2\/posts\/21240\/revisions\/21244"}],"wp:attachment":[{"href":"https:\/\/blog.ilgiornale.it\/ruzzo\/wp-json\/wp\/v2\/media?parent=21240"}],"wp:term":[{"taxonomy":"category","embeddable":true,"href":"https:\/\/blog.ilgiornale.it\/ruzzo\/wp-json\/wp\/v2\/categories?post=21240"},{"taxonomy":"post_tag","embeddable":true,"href":"https:\/\/blog.ilgiornale.it\/ruzzo\/wp-json\/wp\/v2\/tags?post=21240"}],"curies":[{"name":"wp","href":"https:\/\/api.w.org\/{rel}","templated":true}]}}