{"id":21265,"date":"2017-01-26T14:48:04","date_gmt":"2017-01-26T13:48:04","guid":{"rendered":"https:\/\/blog.ilgiornale.it\/ruzzo\/?p=21265"},"modified":"2017-01-26T14:48:19","modified_gmt":"2017-01-26T13:48:19","slug":"bici-al-montestella-sfida-stellare","status":"publish","type":"post","link":"https:\/\/blog.ilgiornale.it\/ruzzo\/2017\/01\/26\/bici-al-montestella-sfida-stellare\/","title":{"rendered":"Bici al Montestella, sfida stellare"},"content":{"rendered":"<p><a href=\"https:\/\/blog.ilgiornale.it\/ruzzo\/files\/2017\/01\/mtb.jpg\"><img loading=\"lazy\" class=\"alignleft size-medium wp-image-21266\" src=\"https:\/\/blog.ilgiornale.it\/ruzzo\/files\/2017\/01\/mtb-300x169.jpg\" alt=\"mtb\" width=\"300\" height=\"169\" srcset=\"https:\/\/blog.ilgiornale.it\/ruzzo\/files\/2017\/01\/mtb-300x169.jpg 300w, https:\/\/blog.ilgiornale.it\/ruzzo\/files\/2017\/01\/mtb-1024x576.jpg 1024w, https:\/\/blog.ilgiornale.it\/ruzzo\/files\/2017\/01\/mtb.jpg 1280w\" sizes=\"(max-width: 300px) 100vw, 300px\" \/><\/a>L&#8217;anno scorso, dopo quasi vent&#8217;anni, Milano \u00e8 tornata palcoscenico mondiale per le mountainbike. Le bici con le \u00abruote grasse\u00bb avevano sportivamente invaso la Montagnetta di San Siro, unica possibilit\u00e0 cittadina per un circuito, in una tappa degli Internazionali d&#8217;Italia che sono stati un successo di pubblico e tecnico. E allora si replica anche se c&#8217;\u00e8 chi nel Municipio otto non vede di buon occhio la manifestazione al Monte Stella. Ma gli <strong>Internazionali d&#8217;Italia series<\/strong> arrivano alla sedicesima edizione e Milano sar\u00e0 ancora una tappa fondamentale del circuito: \u00abPortare la mountainbike al pubblico e il pubblico alla mountainbike \u00e8 il mantra- spiegano gli organizzatori- E u palcoscenico come Milano \u00e8 un&#8217;occasione da non perdere\u00bb. Dall&#8217;anno scorso gli Internazionali sono diventati un circuito. Con una tappa in pi\u00f9, a Verona, da cui si ripartir\u00e0 quest&#8217;anno il prossimo 4 marzo. La seconda tappa alla Montagnetta di Milano il 12 marzo. E ancora: Montichiari (Brescia) il 2 aprile, il 9 Nalles (Bolzano) e la chiusura il 4 giugno a Courmayeur. \u00abQuesto \u00e8 un mondo al quale teniamo tantissimo- spiega il neo presidente della Federazione ciclistica italiana rieletto<strong> Renato Di Rocco-<\/strong> Gli ultimi quattro anni sono stati un po&#8217; conflittuali con alcune critiche. Ma lo sviluppo della bicicletta sta andando verso il fuoristrada. I numeri ci dicono che la scelta era opportuna e giusta. Tutto lo sviluppo \u00e8 stato possibile grazie alle societ\u00e0. I risultati ci sono e ci stimolano a fare sempre meglio\u00bb. E Milano \u00e8 una vetrina importante. Anche se c&#8217;\u00e8 chi prova a fermarle le bici. Lo stop arriva da Municipio 8, quello sotto cui ricade il Monte Stella, una vera e propria diffida alla <strong>Federciclismo<\/strong> a disputare la sfida dall&#8217;assessore al Verde della zona, <strong>Enrico Fedrighini<\/strong> che teme che bici e ciclisti possano rovinare viali e pendii della Montagnetta. \u00abLo scorso anno fu una devastazione- scrivono i Verdi nella diffida- Il parco Monte Stella non \u00e8 un comune spazio pubblico a disposizione del miglior offerente, non \u00e8 nemmeno un verde cimiteriale da osservare e non toccare. \u00c8 un&#8217;opera architettonica che custodisce la memoria storica della nostra citt\u00e0, da usare ma anche conservare\u00bb. Il Monte Stella da qualche anno attrae sempre pi\u00f9 sportivi, ciclisti e appassionati di mountainbike che qui trovano condizioni perfette per allenarsi e per divertirsi. Ma la gara ai Verdi non piace, nonostante a marzo sulle rampe del Monte Stella pedaleranno i migliori atleti del mondo in circolazione, compresi gli azzurri. \u00abIl movimento cresce quando ci sono manifestazioni importanti come queste &#8211; spiega il commissario tecnico azzurro <strong>Davide Cassani-<\/strong> C&#8217;\u00e8 la possibilit\u00e0 per i giovani di appassionarsi e di confrontarsi. Negli ultimi anni questo movimento ci ha dato grandi soddisfazioni, l&#8217;anno scorso siamo stati sfortunati alle Olimpiadi e parlo di <strong>Marco Aurelio Fontana.<\/strong> Noi seguiamo con particolare attenzione la mountain bike. Per noi \u00e8 importante seguire il fuoristrada senza andare fuoristrada. Il nostro compito \u00e8 portare vittorie. Conta ottenere risultati ma l&#8217;importante \u00e8 fare del ciclismo e farlo nel modo migliore. Una manifestazione del genere serve per dare molto di pi\u00f9 al nostro movimento\u00bb. Un movimento quello della mountainbike esploso tanti anni fa grazie anche alle vittorie olimpiche di Paola Pezzo e poi un po&#8217; dimenticato. Ma negli ultimi anni la passione per una specialit\u00e0 tecnica, spettacolare e che permette anche di apprezzare sentieri e percorsi tra montagne e natura \u00e8 tornata forte: \u00abS\u00ec siamo in grande crescita- spiega <strong>Cordiano Dagnoni,<\/strong> presidente del Comitato lombardo della Federciclismo- Abbiamo province come Bergamo e Brescia importanti, ma Milano \u00e8 una vetrina importante. L&#8217;anno scorso \u00e8 stato un successo e siamo riconoscenti al mondo del fuoristrada, che \u00e8 un approccio al ciclismo pi\u00f9 easy, pi\u00f9 facile. \u00c8 un elemento importante da sostenere, perch\u00e9 anche i risultati ci stanno dando ragione. Sar\u00e0 sicuramente un successo\u00bb.<\/p>\n","protected":false},"excerpt":{"rendered":"<p><p>L&#8217;anno scorso, dopo quasi vent&#8217;anni, Milano \u00e8 tornata palcoscenico mondiale per le mountainbike. Le bici con le \u00abruote grasse\u00bb avevano sportivamente invaso la Montagnetta di San Siro, unica possibilit\u00e0 cittadina per un circuito, in una tappa degli Internazionali d&#8217;Italia che sono stati un successo di pubblico e tecnico. E allora si replica anche se c&#8217;\u00e8 chi nel Municipio otto non vede di buon occhio la manifestazione al Monte Stella. Ma gli Internazionali d&#8217;Italia series arrivano alla sedicesima edizione e Milano sar\u00e0 ancora una tappa fondamentale del circuito: \u00abPortare la mountainbike al pubblico e il pubblico alla mountainbike \u00e8 il mantra- [&hellip;]<\/p>\n&nbsp;&nbsp;<div class=\"readmore\"><a href=\"https:\/\/blog.ilgiornale.it\/ruzzo\/2017\/01\/26\/bici-al-montestella-sfida-stellare\/\">Continua a leggere...<\/a><\/div><\/p>","protected":false},"author":956,"featured_media":0,"comment_status":"open","ping_status":"closed","sticky":false,"template":"","format":"standard","meta":[],"categories":[1],"tags":[215856,14149,6069,215855,215854],"_links":{"self":[{"href":"https:\/\/blog.ilgiornale.it\/ruzzo\/wp-json\/wp\/v2\/posts\/21265"}],"collection":[{"href":"https:\/\/blog.ilgiornale.it\/ruzzo\/wp-json\/wp\/v2\/posts"}],"about":[{"href":"https:\/\/blog.ilgiornale.it\/ruzzo\/wp-json\/wp\/v2\/types\/post"}],"author":[{"embeddable":true,"href":"https:\/\/blog.ilgiornale.it\/ruzzo\/wp-json\/wp\/v2\/users\/956"}],"replies":[{"embeddable":true,"href":"https:\/\/blog.ilgiornale.it\/ruzzo\/wp-json\/wp\/v2\/comments?post=21265"}],"version-history":[{"count":2,"href":"https:\/\/blog.ilgiornale.it\/ruzzo\/wp-json\/wp\/v2\/posts\/21265\/revisions"}],"predecessor-version":[{"id":21268,"href":"https:\/\/blog.ilgiornale.it\/ruzzo\/wp-json\/wp\/v2\/posts\/21265\/revisions\/21268"}],"wp:attachment":[{"href":"https:\/\/blog.ilgiornale.it\/ruzzo\/wp-json\/wp\/v2\/media?parent=21265"}],"wp:term":[{"taxonomy":"category","embeddable":true,"href":"https:\/\/blog.ilgiornale.it\/ruzzo\/wp-json\/wp\/v2\/categories?post=21265"},{"taxonomy":"post_tag","embeddable":true,"href":"https:\/\/blog.ilgiornale.it\/ruzzo\/wp-json\/wp\/v2\/tags?post=21265"}],"curies":[{"name":"wp","href":"https:\/\/api.w.org\/{rel}","templated":true}]}}