{"id":21307,"date":"2017-02-01T16:20:40","date_gmt":"2017-02-01T15:20:40","guid":{"rendered":"https:\/\/blog.ilgiornale.it\/ruzzo\/?p=21307"},"modified":"2017-02-01T16:20:40","modified_gmt":"2017-02-01T15:20:40","slug":"garda-delrio-dice-si-alla-ciclabile","status":"publish","type":"post","link":"https:\/\/blog.ilgiornale.it\/ruzzo\/2017\/02\/01\/garda-delrio-dice-si-alla-ciclabile\/","title":{"rendered":"Garda, DelRio dice s\u00ec alla ciclabile"},"content":{"rendered":"<p><a href=\"https:\/\/blog.ilgiornale.it\/ruzzo\/files\/2017\/02\/o-GRAZIANO-DELRIO-facebook.jpg\"><img loading=\"lazy\" class=\"alignleft size-medium wp-image-21308\" src=\"https:\/\/blog.ilgiornale.it\/ruzzo\/files\/2017\/02\/o-GRAZIANO-DELRIO-facebook-300x200.jpg\" alt=\"PROVINCE: DELRIO, ABOLIRLE MA CI SONO NODI APERTI\" width=\"300\" height=\"200\" srcset=\"https:\/\/blog.ilgiornale.it\/ruzzo\/files\/2017\/02\/o-GRAZIANO-DELRIO-facebook-300x200.jpg 300w, https:\/\/blog.ilgiornale.it\/ruzzo\/files\/2017\/02\/o-GRAZIANO-DELRIO-facebook-1024x683.jpg 1024w, https:\/\/blog.ilgiornale.it\/ruzzo\/files\/2017\/02\/o-GRAZIANO-DELRIO-facebook.jpg 1536w\" sizes=\"(max-width: 300px) 100vw, 300px\" \/><\/a>Nei giorni in cui le polveri stanno soffocando la Pianura padana (ma non solo la Pianura padana) fa piacere scoprire che la mobilit\u00e0 dolce, cio\u00e8 la mobilit\u00e0 ciclistica, conquisti anche se ancora nei progetti lo spazio che serve. Certo, non saranno le bici a risolvere il problema del ristagno degli inquinanti, ma cominciare a pensare che ci sono forme di mobilit\u00e0 alternative che vanno sostenute e su cui si pu\u00f2 investire \u00e8 gi\u00e0 un passo avanti. Anche perch\u00e8 le via ciclabili e le ciclovie non hanno solo una valenza ambientale ma anche economica con una ricaduta economica sul territorio che \u00e8 ormai un dato certo. Il cicloturismo \u00e8 infatti un settore in costante crescita a livello europeo in grado di offrire notevoli opportunit\u00e0 di sviluppo: si stima infatti che in Europa ogni chilometro di ciclabile turistica sia in grado di generare un indotto annuo tra i 110 e i 350 mila euro. E&#8217; di oggi la notizia che l&#8217;anello ciclabile del Garda ha ottenuto il favore del ministro <strong>Graziano Delrio<\/strong> ed \u00e8 entrata nel sistema nazionale delle ciclovie turistiche. Dopo aver lanciato l\u2019idea durante l\u2019edizione 2015 della Borsa internazionale del turismo di Milano, l\u2019assessore allo Sviluppo economico di Regione Lombardia <strong>Mauro Parolini<\/strong> (in accordo con l\u2019assessore regionale alle Infrastrutture e Mobilit\u00e0 <strong>Alessandro Sorte<\/strong>), con gli assessori di Regione Veneto e della Provincia autonoma di Trento<strong>, Elisa De Berti<\/strong> e<strong> Mauro Gilmozzi,<\/strong> ha incontrato il titolare del dicastero delle Infrastrutture e dei Trasporti, che ha riconosciuto \u00abl\u2019interesse nazionale e l\u2019 importanza strategica del circuito per le caratteristiche di mobilit\u00e0 dolce, la valenza turistica internazionale e la ricaduta economica sul territorio\u00bb. \u00abL\u2019opera \u00e8 tutti gli effetti di rilievo nazionale e dopo l\u2019incontro di oggi la sua realizzazione \u00e8 sempre pi\u00f9 concreta e condivisa. Il ministro Delrio &#8211; ha annunciato Parolini al termine della riunione &#8211; ha infatti apprezzato lo studio di fattibilit\u00e0 che abbiamo condotto grazie al lavoro di un gruppo tecnico interregionale ad hoc, e ha confermato un preciso impegno ad assegnare all\u2019opera nuove risorse statali, tra quelle previste per le ciclovie nella legge di stabilit\u00e0 2017: risorse che si affiancheranno a quelle che Regioni, enti locali e territorio saranno in grado di mobilitare al fine di completare l\u2019anello\u00bb. \u00abNelle prossime settimane &#8211; ha aggiunto l\u2019assessore &#8211; si terranno gli incontri tecnici per arrivare al pi\u00f9 presto alla firma di un protocollo di intesa che consenta di definire i compiti dei firmatari e far partire i primi cantieri finanziabili\u00bb. L\u2019anello ciclabile del Garda, opera unica a livello mondiale di oltre 140 km, integrata e connessa con altre importanti percorsi ciclabili \u00e8 un progetto dalla portata storica.<\/p>\n","protected":false},"excerpt":{"rendered":"<p><p>Nei giorni in cui le polveri stanno soffocando la Pianura padana (ma non solo la Pianura padana) fa piacere scoprire che la mobilit\u00e0 dolce, cio\u00e8 la mobilit\u00e0 ciclistica, conquisti anche se ancora nei progetti lo spazio che serve. Certo, non saranno le bici a risolvere il problema del ristagno degli inquinanti, ma cominciare a pensare che ci sono forme di mobilit\u00e0 alternative che vanno sostenute e su cui si pu\u00f2 investire \u00e8 gi\u00e0 un passo avanti. Anche perch\u00e8 le via ciclabili e le ciclovie non hanno solo una valenza ambientale ma anche economica con una ricaduta economica sul territorio che [&hellip;]<\/p>\n&nbsp;&nbsp;<div class=\"readmore\"><a href=\"https:\/\/blog.ilgiornale.it\/ruzzo\/2017\/02\/01\/garda-delrio-dice-si-alla-ciclabile\/\">Continua a leggere...<\/a><\/div><\/p>","protected":false},"author":956,"featured_media":0,"comment_status":"open","ping_status":"closed","sticky":false,"template":"","format":"standard","meta":[],"categories":[1],"tags":[],"_links":{"self":[{"href":"https:\/\/blog.ilgiornale.it\/ruzzo\/wp-json\/wp\/v2\/posts\/21307"}],"collection":[{"href":"https:\/\/blog.ilgiornale.it\/ruzzo\/wp-json\/wp\/v2\/posts"}],"about":[{"href":"https:\/\/blog.ilgiornale.it\/ruzzo\/wp-json\/wp\/v2\/types\/post"}],"author":[{"embeddable":true,"href":"https:\/\/blog.ilgiornale.it\/ruzzo\/wp-json\/wp\/v2\/users\/956"}],"replies":[{"embeddable":true,"href":"https:\/\/blog.ilgiornale.it\/ruzzo\/wp-json\/wp\/v2\/comments?post=21307"}],"version-history":[{"count":1,"href":"https:\/\/blog.ilgiornale.it\/ruzzo\/wp-json\/wp\/v2\/posts\/21307\/revisions"}],"predecessor-version":[{"id":21309,"href":"https:\/\/blog.ilgiornale.it\/ruzzo\/wp-json\/wp\/v2\/posts\/21307\/revisions\/21309"}],"wp:attachment":[{"href":"https:\/\/blog.ilgiornale.it\/ruzzo\/wp-json\/wp\/v2\/media?parent=21307"}],"wp:term":[{"taxonomy":"category","embeddable":true,"href":"https:\/\/blog.ilgiornale.it\/ruzzo\/wp-json\/wp\/v2\/categories?post=21307"},{"taxonomy":"post_tag","embeddable":true,"href":"https:\/\/blog.ilgiornale.it\/ruzzo\/wp-json\/wp\/v2\/tags?post=21307"}],"curies":[{"name":"wp","href":"https:\/\/api.w.org\/{rel}","templated":true}]}}