{"id":21323,"date":"2017-02-04T11:29:42","date_gmt":"2017-02-04T10:29:42","guid":{"rendered":"https:\/\/blog.ilgiornale.it\/ruzzo\/?p=21323"},"modified":"2017-02-04T11:29:42","modified_gmt":"2017-02-04T10:29:42","slug":"arena-la-fidal-chiede-pista","status":"publish","type":"post","link":"https:\/\/blog.ilgiornale.it\/ruzzo\/2017\/02\/04\/arena-la-fidal-chiede-pista\/","title":{"rendered":"Arena, la Fidal chiede pista"},"content":{"rendered":"<p><a href=\"https:\/\/blog.ilgiornale.it\/ruzzo\/files\/2017\/02\/unnamed-2.jpg\"><img loading=\"lazy\" class=\"alignleft size-medium wp-image-21326\" src=\"https:\/\/blog.ilgiornale.it\/ruzzo\/files\/2017\/02\/unnamed-2-225x300.jpg\" alt=\"unnamed (2)\" width=\"225\" height=\"300\" srcset=\"https:\/\/blog.ilgiornale.it\/ruzzo\/files\/2017\/02\/unnamed-2-225x300.jpg 225w, https:\/\/blog.ilgiornale.it\/ruzzo\/files\/2017\/02\/unnamed-2.jpg 480w\" sizes=\"(max-width: 225px) 100vw, 225px\" \/><\/a>Avanti adagio. Anzi pianissimo. Qualcosa si muove sulla mitica pista di atletica dell\u2019Arena che \u00e8 ormai in condizioni pessime. Ma per il restauro bisogner\u00e0 avere pazienza, non \u00e8 dietro l\u2019angolo. La buona notizia per\u00f2 \u00e8 che ieri Palazzo Marino ha fatto un passo avanti sul percorso di restyling approvando il rifacimento della pista di atletica e delle altre dotazioni sportive, compreso il campo centrale. L\u2019Amministrazione sta dando seguito all\u2019impegno di restituire alla citt\u00e0 uno dei suoi impianti vitali per lo sport, in modo da garantirvi la prosecuzione dell\u2019attivit\u00e0 e con l\u2019ottica di dare la possibilit\u00e0 di organizzare manifestazioni ad alto livello e offrire agli atleti le condizioni per realizzare tempi importanti nelle varie discipline. \u00abAbbiamo dato il via a una procedura fondamentale che riporter\u00e0 l\u2019Arena al suo stato migliore \u2013 hanno detto gli assessori ai Lavori Pubblici e allo Sport,<strong> Gabriele Rabaiotti e Roberta Guaineri &#8211;<\/strong> L\u2019obiettivo ora \u00e8 inserire l\u2019impianto nel Piano delle Opere 2017-2019 come priorit\u00e0 per l\u2019anno in corso. Successivamente all\u2019approvazione del bilancio e alla definizione dei progetti finanziabili, si proceder\u00e0 alla redazione del progetto fino al bando di gara la cui assegnazione dar\u00e0 avvio ai lavori\u00bb. L\u2019intervento, per il quale la Giunta ha approvato il progetto di fattibilit\u00e0 tecnica ed economica di importo stimato in 2 milioni e mezzo, prevede il rifacimento integrale della pista, con la rimozione dell\u2019attuale pavimentazione e la posa del nuovo manto; analogamente verr\u00e0 rimosso anche il campo e realizzato completamente nuovo. Inoltre, fanno parte del progetto anche la realizzazione di nuove pedane e cordoli per le varie discipline sportive e tutti quegli interventi preliminari ai rifacimenti delle superfici, come gli scavi e la posa di predisposizioni per attraversamenti tecnologici, il drenaggio del campo, la rete di scolo delle acque piovane. \u00abMeglio un piccolo passo avanti che indietro- spiega <strong>Paolo Galimberti,<\/strong> presidente provinciale della Fidal- Pero i tempi per arrivare a un restauro sinceramente mi sembrano lunghi. serve uno sprint, isomma. E una citt\u00e0 come Milano con un impianto storico come l\u2019Arena non pu\u00f2 restare tutti questi anni senza gare di primo piano\u00bb. La pista cos\u00ec \u00e8 inagibile e gi\u00e0 lo scorso anno la Federazione ha deciso di spostare a spostare a Cinisello i campionati italiani assoluti a squadre. Per l\u2019anno in corso non sono previste manifestazioni di livello nazionale nonostante la Lombardia sia la regione di molti tra i migliori atlti azzurri. \u00abCerto, faremo di tutto per portare a gareggiare i settori giovanili &#8211; assicura Galimberti- ma non \u00e8 la stessa cosa. Per Milano e per l\u2019atletica non \u00e8 una bella immagine. Con il presidente nazionale<strong> Alfio Giomi<\/strong> si pensava di portare in citt\u00e0 qualche grande evento d\u2019atletica ma cos\u00ec non si pu\u00f2 fare. Non si pu\u00f2 programmare nulla ed \u00e8 un vero spreco. Per questo bisogna accelerare\u00bb.<\/p>\n","protected":false},"excerpt":{"rendered":"<p><p>Avanti adagio. Anzi pianissimo. Qualcosa si muove sulla mitica pista di atletica dell\u2019Arena che \u00e8 ormai in condizioni pessime. Ma per il restauro bisogner\u00e0 avere pazienza, non \u00e8 dietro l\u2019angolo. La buona notizia per\u00f2 \u00e8 che ieri Palazzo Marino ha fatto un passo avanti sul percorso di restyling approvando il rifacimento della pista di atletica e delle altre dotazioni sportive, compreso il campo centrale. L\u2019Amministrazione sta dando seguito all\u2019impegno di restituire alla citt\u00e0 uno dei suoi impianti vitali per lo sport, in modo da garantirvi la prosecuzione dell\u2019attivit\u00e0 e con l\u2019ottica di dare la possibilit\u00e0 di organizzare manifestazioni ad alto [&hellip;]<\/p>\n&nbsp;&nbsp;<div class=\"readmore\"><a href=\"https:\/\/blog.ilgiornale.it\/ruzzo\/2017\/02\/04\/arena-la-fidal-chiede-pista\/\">Continua a leggere...<\/a><\/div><\/p>","protected":false},"author":956,"featured_media":0,"comment_status":"open","ping_status":"closed","sticky":false,"template":"","format":"standard","meta":[],"categories":[1],"tags":[11381,11375,215869,215870],"_links":{"self":[{"href":"https:\/\/blog.ilgiornale.it\/ruzzo\/wp-json\/wp\/v2\/posts\/21323"}],"collection":[{"href":"https:\/\/blog.ilgiornale.it\/ruzzo\/wp-json\/wp\/v2\/posts"}],"about":[{"href":"https:\/\/blog.ilgiornale.it\/ruzzo\/wp-json\/wp\/v2\/types\/post"}],"author":[{"embeddable":true,"href":"https:\/\/blog.ilgiornale.it\/ruzzo\/wp-json\/wp\/v2\/users\/956"}],"replies":[{"embeddable":true,"href":"https:\/\/blog.ilgiornale.it\/ruzzo\/wp-json\/wp\/v2\/comments?post=21323"}],"version-history":[{"count":2,"href":"https:\/\/blog.ilgiornale.it\/ruzzo\/wp-json\/wp\/v2\/posts\/21323\/revisions"}],"predecessor-version":[{"id":21327,"href":"https:\/\/blog.ilgiornale.it\/ruzzo\/wp-json\/wp\/v2\/posts\/21323\/revisions\/21327"}],"wp:attachment":[{"href":"https:\/\/blog.ilgiornale.it\/ruzzo\/wp-json\/wp\/v2\/media?parent=21323"}],"wp:term":[{"taxonomy":"category","embeddable":true,"href":"https:\/\/blog.ilgiornale.it\/ruzzo\/wp-json\/wp\/v2\/categories?post=21323"},{"taxonomy":"post_tag","embeddable":true,"href":"https:\/\/blog.ilgiornale.it\/ruzzo\/wp-json\/wp\/v2\/tags?post=21323"}],"curies":[{"name":"wp","href":"https:\/\/api.w.org\/{rel}","templated":true}]}}