{"id":21410,"date":"2017-02-22T09:39:13","date_gmt":"2017-02-22T08:39:13","guid":{"rendered":"https:\/\/blog.ilgiornale.it\/ruzzo\/?p=21410"},"modified":"2017-02-22T09:39:13","modified_gmt":"2017-02-22T08:39:13","slug":"mauri-latletica-torna-a-scuola","status":"publish","type":"post","link":"https:\/\/blog.ilgiornale.it\/ruzzo\/2017\/02\/22\/mauri-latletica-torna-a-scuola\/","title":{"rendered":"Mauri: &#8220;L&#8217;atletica torna a scuola&#8221;"},"content":{"rendered":"<p><a href=\"https:\/\/blog.ilgiornale.it\/ruzzo\/files\/2017\/02\/unnamed-3.jpg\"><img loading=\"lazy\" class=\"alignleft size-medium wp-image-21411\" src=\"https:\/\/blog.ilgiornale.it\/ruzzo\/files\/2017\/02\/unnamed-3-225x300.jpg\" alt=\"unnamed (3)\" width=\"225\" height=\"300\" srcset=\"https:\/\/blog.ilgiornale.it\/ruzzo\/files\/2017\/02\/unnamed-3-225x300.jpg 225w, https:\/\/blog.ilgiornale.it\/ruzzo\/files\/2017\/02\/unnamed-3.jpg 480w\" sizes=\"(max-width: 225px) 100vw, 225px\" \/><\/a>\u00abCome sta l&#8217;atletica lombarda? Le dico solo che ci sono 200 piste in tutta la regione e che tre quinti sono distrutte, scrostate, con crepe dove ci cresce l&#8217;erba. Un quinto si pu\u00f2 usare solo per allenarsi e un quinto pu\u00f2 ospitare gare ufficiali&#8230;\u00bb. Non bene quindi. Almeno parlando di strutture che non sono solo <strong>l&#8217;Arena,<\/strong> dove qualcosa si sta muovendo ma se non ci saranno intoppi sar\u00e0 pronta non prima del 2019 o il centro <strong>Saini<\/strong> che \u00e8 vecchio e ha assoluto bisogno di cure. <strong>Giovanni Mauri,<\/strong> da novembre presidente della <strong>Fidal Lombarda,<\/strong> sa che c&#8217;\u00e8 da fare. E sa anche che quello delle strutture resta un nodo importante da affrontare perch\u00e8 attualmente una citt\u00e0 come Milano non \u00e8 in grado di ospitare un evento nazionale o internazionale di atletica: \u00abL&#8217;ultimo bando della Regione- spiega-ha permesso di rimettere a posto alcune situazioni ma visti i numeri del movimento credo che ci meritiamo qualcosa in pi\u00f9. Un centro sportivo come il <strong>Saini<\/strong> ad esempio dovrebbe diventare un punto di riferimento tecnico federale, un po&#8217; come l&#8217;<strong>Acqua Acetosa<\/strong> a Roma. Certo siamo in un momento di scarse risorse ma investire sullo sport \u00e8 fondamentale. Oggi c&#8217;\u00e8 la tendenza a dismettere gli impianti perch\u00e8 sono costosi e non producono reddito. Ma puntare su queste strutture \u00e8 un investimento sociale\u00bb. E i numeri lombardi sono di tutto rispetto. Cinquantamila tesserati, oltre 500 societ\u00e0, pi\u00f9 di cento tecnici, cinquecento giudici e oltre 700 manifestazioni ufficiali tra pista, marcia e campestri che fanno dell&#8217;atletica un&#8217;eccellenza azzurra: \u00abS\u00ec \u00e8 cos\u00ec- spiega Mauri- ma le difficolt\u00e0 ci sono. Il vero problema \u00e8 che abbiamo scarsa cultura sportiva. E qui si deve lavorare partendo dalle scuole. Dobbiamo costruire un ponte tra societ\u00e0 sportive e istituti scolastici che ci permetta di lavorare con gli insegnanti anche con corsi di aggiornamento. Stiamo mettendo a punto anche un progetto di collaborazione con le universit\u00e0 che potrebbe concretizzarsi con il sostegno ad alcune borse di studio per gli studenti pi\u00f9 meritevoli\u00bb. Ma c&#8217;\u00e8 un gap da riempire. Rispetto venti, trent&#8217;anni fa la preparazione atletica dei ragazzi che frequentano le scuole primarie ha fatto passi indietro: \u00abDiciamo che oggi i ragazzi sono figli di un&#8217;epoca che tra tecnologie e paure li porta a muoversi meno- spiega il presidente <strong>Fidal-<\/strong> Trent&#8217;anni fa i bambini passavano i loro pomeriggi nei cortili o in strada a correre, ad arrampicarsi sugli alberi a giocare. Oggi \u00e8 tutto cambiato. Anche la condizione fisica da cui si parte\u00bb. Un atletica che entra nelle scuole e prova a coinvolgere le societ\u00e0 sportive giovanili ma che deve fare i conti con un&#8217;et\u00e0 media dei tesserati che continua a crescere. \u00ab\u00c9 chiaro che noi puntiamo sui giovani a dar loro supporto tecnico perch\u00e8 facciano crescere il loro talento- spiega Mauri- Siamo tutti contenti quando gli azzurri vanno a medaglia, quando<strong> Cova e Panetta<\/strong> salgono sui podi mondiali ma non possiamo dimenticare chi \u00e8 avanti con l&#8217;et\u00e0 e vuole fare sport. I master sono i nostri sponsor, la nostra cultura perch\u00e8 l&#8217;atletica e la corsa sono un anti-et\u00e0 fantastico. E anche questo \u00e8 un movimento che va aiutato a crescere con corsi, allenamenti che spieghino cosa deve essere lo sport a cinquanta, sessanta, settant&#8217;anni\u00bb. Nei piani della Fidal c&#8217;\u00e8 infatti il potenziamento del settore sanitario, mettere a disposizione dei tesserati e delle societ\u00e0 uno staff con medici dello sport, nutrizionisti, psicologi per dare supporto immediato in casi di infortuni agli atleti di punta e per promuovere la cultura della salute. \u00abCredo nella gestione collegiale dello sport- spiega <strong>Mauri<\/strong>&#8211; nella collaborazione e nelle sinergie con le altre Federazioni per creare eventi in comune che ci farebbero crescere e risparmiare. Eventi nelle citt\u00e0 per coinvolgere pi\u00f9 gente possibile\u00bb. Anche se poi nelle citt\u00e0, a Milano soprattutto, non sempre corse e maratone sono ben viste: \u00abNon dobbiamo avere la pretesa che una citt\u00e0 si fermi per un corsa- spiega il presidente Fidal- Dobbiamo essere capaci di comunicare e di coinvolgere, spiegando che lo sport non \u00e8 solo agonismo ma anche socialit\u00e0. Facendo capire a tutti che \u00e8 una festa e tutti possono partecipare\u00bb.<\/p>\n","protected":false},"excerpt":{"rendered":"<p><p>\u00abCome sta l&#8217;atletica lombarda? Le dico solo che ci sono 200 piste in tutta la regione e che tre quinti sono distrutte, scrostate, con crepe dove ci cresce l&#8217;erba. Un quinto si pu\u00f2 usare solo per allenarsi e un quinto pu\u00f2 ospitare gare ufficiali&#8230;\u00bb. Non bene quindi. Almeno parlando di strutture che non sono solo l&#8217;Arena, dove qualcosa si sta muovendo ma se non ci saranno intoppi sar\u00e0 pronta non prima del 2019 o il centro Saini che \u00e8 vecchio e ha assoluto bisogno di cure. Giovanni Mauri, da novembre presidente della Fidal Lombarda, sa che c&#8217;\u00e8 da fare. E [&hellip;]<\/p>\n&nbsp;&nbsp;<div class=\"readmore\"><a href=\"https:\/\/blog.ilgiornale.it\/ruzzo\/2017\/02\/22\/mauri-latletica-torna-a-scuola\/\">Continua a leggere...<\/a><\/div><\/p>","protected":false},"author":956,"featured_media":0,"comment_status":"open","ping_status":"closed","sticky":false,"template":"","format":"standard","meta":[],"categories":[1],"tags":[11375,215895,215894],"_links":{"self":[{"href":"https:\/\/blog.ilgiornale.it\/ruzzo\/wp-json\/wp\/v2\/posts\/21410"}],"collection":[{"href":"https:\/\/blog.ilgiornale.it\/ruzzo\/wp-json\/wp\/v2\/posts"}],"about":[{"href":"https:\/\/blog.ilgiornale.it\/ruzzo\/wp-json\/wp\/v2\/types\/post"}],"author":[{"embeddable":true,"href":"https:\/\/blog.ilgiornale.it\/ruzzo\/wp-json\/wp\/v2\/users\/956"}],"replies":[{"embeddable":true,"href":"https:\/\/blog.ilgiornale.it\/ruzzo\/wp-json\/wp\/v2\/comments?post=21410"}],"version-history":[{"count":1,"href":"https:\/\/blog.ilgiornale.it\/ruzzo\/wp-json\/wp\/v2\/posts\/21410\/revisions"}],"predecessor-version":[{"id":21412,"href":"https:\/\/blog.ilgiornale.it\/ruzzo\/wp-json\/wp\/v2\/posts\/21410\/revisions\/21412"}],"wp:attachment":[{"href":"https:\/\/blog.ilgiornale.it\/ruzzo\/wp-json\/wp\/v2\/media?parent=21410"}],"wp:term":[{"taxonomy":"category","embeddable":true,"href":"https:\/\/blog.ilgiornale.it\/ruzzo\/wp-json\/wp\/v2\/categories?post=21410"},{"taxonomy":"post_tag","embeddable":true,"href":"https:\/\/blog.ilgiornale.it\/ruzzo\/wp-json\/wp\/v2\/tags?post=21410"}],"curies":[{"name":"wp","href":"https:\/\/api.w.org\/{rel}","templated":true}]}}