{"id":21463,"date":"2017-03-02T23:43:50","date_gmt":"2017-03-02T22:43:50","guid":{"rendered":"https:\/\/blog.ilgiornale.it\/ruzzo\/?p=21463"},"modified":"2017-03-02T23:45:44","modified_gmt":"2017-03-02T22:45:44","slug":"la-stramilano-e-milano","status":"publish","type":"post","link":"https:\/\/blog.ilgiornale.it\/ruzzo\/2017\/03\/02\/la-stramilano-e-milano\/","title":{"rendered":"La Stramilano \u00e8 Milano"},"content":{"rendered":"<p><a href=\"https:\/\/blog.ilgiornale.it\/ruzzo\/files\/2017\/03\/images.jpg\"><img loading=\"lazy\" class=\"alignleft size-full wp-image-21464\" src=\"https:\/\/blog.ilgiornale.it\/ruzzo\/files\/2017\/03\/images.jpg\" alt=\"images\" width=\"275\" height=\"183\" \/><\/a>La <strong>Stramilano<\/strong> \u00e8 una stretta di mano. Quella del sindaco <strong>Giuseppe Sala<\/strong> che, nel bel mezzo della presentazione nella sala Alessi di Palazzo Marino si alza, per salutare il padre di Fabio Cappello, il giovane che l&#8217;anno scorso si accasci\u00f2 senza vita a pochi metri dall&#8217;arrivo. La Stramilano \u00e8 il sorriso di <strong>Giusy Versace,<\/strong> \u00a0quest&#8217;anno madrina, che con la sua &#8220;disabili no limits&#8221; permetter\u00e0 a<strong> Constantin<\/strong> che nel 2016 \u00a0si fece la &#8220;mezza&#8221; sulle stampelle di correre con una protesi. \u00a0La <strong>Stramilano<\/strong> \u00e8 la solidariet\u00e0 di una citt\u00e0 che corre. E&#8217;\u00a0la voglia di partecipare, di provarci, di cammminare, di correre e magari anche di andar forte perch\u00e8 \u00a0c&#8217;\u00e8 una<strong> Stramilano per tutti.<\/strong> Quasi su misura. La <strong>Stramilano<\/strong> \u00e8 un pezzo di storia e non solo della corsa. I 50mila, i record sulla mezza maratona, i campioni che la citt\u00e0 si ferma ad applaudire ma soprattutto la magia di una gara che quasi cinquant\u2019anni fa, quando correre era davvero \u00abstrano\u00bb, ha messo in scarpe e calzoncini generazioni di atleti pi\u00f9 o meno improvvisati. \u00abFai la Stramilano?\u00bb era la domanda di rito. Ripetuta a casa, a scuola, in cortile con gli amici, tutti l\u00ec a provare ad allenarsi correndo come e dove capitava. Una volta era cos\u00ec. Poi la corsa \u00e8 diventata ci\u00f2 che \u00e8 diventata oggi, quarantaseiesima edizione. E cio\u00e8 un fenomeno di massa trasversale che coinvolge allo stesso modo appassionati, agonisti, giovani di belle speranza e non pi\u00f9 giovani che ancora hanno velleit\u00e0. Il il contenitore perfetto per tutti questi mondi, per un frullato di sport che \u00e8 stato capace di crescere e nel tempo adeguarsi ad un mondo che cambiava. \u00a0Pi\u00f9 viva che mai. Con le sue tradizioni, con il suo colpo di cannone del Reggimento artiglieria a cavallo \u00abVoloire\u00bb, con la Fanfara dei bersaglieri che l\u2019hanno fatta diventare la corsa non competitiva pi\u00f9 famosa d\u2019Italia e non solo d\u2019Italia. E domenica 19 marzo il rito si ripete. Saranno tre i grandi eventi, in una festa di palloncini e musica: la Stramilano 10 Km, Stramilanina 5 Km e Stramilano Half Marathon di 21 chilometri . L\u2019arrivo \u00e8 fissato per tutti all\u2019Arena Civica, storico tempio cittadino dello sport. Come sempre, come da tradizione in un copione ripetuto che aggiunge fascino a fascino perch\u00e8 la storia vuole cos\u00ec. Perch\u00e8 cos\u00ec sta scritto. Perchh\u00e8 la <strong>Stramilano<\/strong> \u00e8 Milano. Come il derby, come la prima della Scala, come il panettone o una passeggiata sui Navigli<\/p>\n","protected":false},"excerpt":{"rendered":"<p><p>La Stramilano \u00e8 una stretta di mano. Quella del sindaco Giuseppe Sala che, nel bel mezzo della presentazione nella sala Alessi di Palazzo Marino si alza, per salutare il padre di Fabio Cappello, il giovane che l&#8217;anno scorso si accasci\u00f2 senza vita a pochi metri dall&#8217;arrivo. La Stramilano \u00e8 il sorriso di Giusy Versace, \u00a0quest&#8217;anno madrina, che con la sua &#8220;disabili no limits&#8221; permetter\u00e0 a Constantin che nel 2016 \u00a0si fece la &#8220;mezza&#8221; sulle stampelle di correre con una protesi. \u00a0La Stramilano \u00e8 la solidariet\u00e0 di una citt\u00e0 che corre. E&#8217;\u00a0la voglia di partecipare, di provarci, di cammminare, di correre [&hellip;]<\/p>\n&nbsp;&nbsp;<div class=\"readmore\"><a href=\"https:\/\/blog.ilgiornale.it\/ruzzo\/2017\/03\/02\/la-stramilano-e-milano\/\">Continua a leggere...<\/a><\/div><\/p>","protected":false},"author":956,"featured_media":0,"comment_status":"open","ping_status":"closed","sticky":false,"template":"","format":"standard","meta":[],"categories":[1],"tags":[8711,3395],"_links":{"self":[{"href":"https:\/\/blog.ilgiornale.it\/ruzzo\/wp-json\/wp\/v2\/posts\/21463"}],"collection":[{"href":"https:\/\/blog.ilgiornale.it\/ruzzo\/wp-json\/wp\/v2\/posts"}],"about":[{"href":"https:\/\/blog.ilgiornale.it\/ruzzo\/wp-json\/wp\/v2\/types\/post"}],"author":[{"embeddable":true,"href":"https:\/\/blog.ilgiornale.it\/ruzzo\/wp-json\/wp\/v2\/users\/956"}],"replies":[{"embeddable":true,"href":"https:\/\/blog.ilgiornale.it\/ruzzo\/wp-json\/wp\/v2\/comments?post=21463"}],"version-history":[{"count":3,"href":"https:\/\/blog.ilgiornale.it\/ruzzo\/wp-json\/wp\/v2\/posts\/21463\/revisions"}],"predecessor-version":[{"id":21467,"href":"https:\/\/blog.ilgiornale.it\/ruzzo\/wp-json\/wp\/v2\/posts\/21463\/revisions\/21467"}],"wp:attachment":[{"href":"https:\/\/blog.ilgiornale.it\/ruzzo\/wp-json\/wp\/v2\/media?parent=21463"}],"wp:term":[{"taxonomy":"category","embeddable":true,"href":"https:\/\/blog.ilgiornale.it\/ruzzo\/wp-json\/wp\/v2\/categories?post=21463"},{"taxonomy":"post_tag","embeddable":true,"href":"https:\/\/blog.ilgiornale.it\/ruzzo\/wp-json\/wp\/v2\/tags?post=21463"}],"curies":[{"name":"wp","href":"https:\/\/api.w.org\/{rel}","templated":true}]}}