{"id":21508,"date":"2017-03-07T18:49:46","date_gmt":"2017-03-07T17:49:46","guid":{"rendered":"https:\/\/blog.ilgiornale.it\/ruzzo\/?p=21508"},"modified":"2017-03-07T18:54:07","modified_gmt":"2017-03-07T17:54:07","slug":"scarpa-doro-la-sfida-di-molinari","status":"publish","type":"post","link":"https:\/\/blog.ilgiornale.it\/ruzzo\/2017\/03\/07\/scarpa-doro-la-sfida-di-molinari\/","title":{"rendered":"Scarpa d&#8217;oro, la sfida di Molinari"},"content":{"rendered":"<p><a href=\"https:\/\/blog.ilgiornale.it\/ruzzo\/files\/2017\/03\/unnamed-3.jpg\"><img loading=\"lazy\" class=\"alignleft size-medium wp-image-21511\" src=\"https:\/\/blog.ilgiornale.it\/ruzzo\/files\/2017\/03\/unnamed-3-300x230.jpg\" alt=\"unnamed (3)\" width=\"300\" height=\"230\" srcset=\"https:\/\/blog.ilgiornale.it\/ruzzo\/files\/2017\/03\/unnamed-3-300x230.jpg 300w, https:\/\/blog.ilgiornale.it\/ruzzo\/files\/2017\/03\/unnamed-3.jpg 600w\" sizes=\"(max-width: 300px) 100vw, 300px\" \/><\/a>Tanti anni fa si correva nel giorno di Pasquetta, sette chilometri per una gara internazionale nata con il Dna della classica. Sull\u2019asfalto di piazza del Bramante e poi sul selciato della piazza Ducale di Vigevano sono state scritte pagine di storia dell&#8217;atletica mondiale: \u00a0<strong>Coe,\u00a0Ovett,\u00a0Cova\u00a0,\u00a0De Castella,\u00a0Bordin, \u00a0Mei,\u00a0Tergat,<\/strong>\u00a0tanto per fare qualche nome<strong>.\u00a0<\/strong>E il fascino della <strong>Scarpa d&#8217;Oro<\/strong>\u00a0 rimane. Intatto negli anni per una gara che ha allungato le distanze fino alla mezza ed ha aggiunto due non competitive da 5 e 10 km com&#8217;\u00e8 giusto che sia perch\u00e8, al di l\u00e0 dei campioni, che si sfidano sui 21 della mezza, oggi c&#8217;\u00e8 un mondo che corre per il piacere di muoversi e di stare insieme che deve essere intercettato. \u00a0Ma i campioni restano. Cambiano, ma restano. E anche quest&#8217;anno, dopo il podio della passata stagione \u00a0con un tempo di 1h12 minuti si ripresenta al via un atleta che \u00a0fa della corsa solo una delle specialit\u00e0 del suo sport. Torna a Vigevano domenica prossima\u00a0<b>Giulio Molinari<\/b>. triatleta, carabiniere novarese \u00a0ma vigevanese d\u0092adozione che alla Scarpa d&#8217;Oro, far\u00e0 un po&#8217; il punto sulla sua condizione alla vigilia di una stagione che si annuncia intensa e che potrebbe consacrarlo tra i big delle lunghissime distanze. \u00a0Un primo verdetto potrebbe gi\u00e0 arrivare il 2 aprile con l\u0092Ironman Sud Africa, \u00a0tassello importante per \u00a0centrare la qualifica per i <b>Mondiali di Ironman<\/b> che si terranno come sempre a Kona, alle isole Hawaii, il prossimo ottobre. L&#8217;azzurro ha gi\u00e0 svolto un raduno in altura a Livigno e poi al caldo di Lanzarote, nelle isole Canarie: &#8220;Sono felice di correre qui anche quest\u0092anno &#8211; spiega- \u00a0Perch\u00e8 questa \u00e8 la citt\u00e0 in cu vivo e perch\u00e8 voglio confermare la prestazione dello scorso anno e, perch\u00e9 no, anche migliorarla. Ho lavorato sodo in questo lungo periodo di allenamento lontano da casa e di certo i km nelle gambe non mi mancano. Sar\u00e0 sicuramente un bel test in vista del mio primo impegno di stagione in Sud Africa&#8221;. <strong>Molinari,<\/strong> che solo lo scorso anno ha esordito sulla distanza full completa (3,8km di nuoto, 180 in bici e maratona finale) \u00a0con un quinto posto in Arizona, \u00a0\u00e8 tra i pi\u00f9 forti specialisti nelle distanze lunghe del triathlon. Campione Europeo nel 2014 e nel 2016 (e secondo nel 2015)<b> <\/b>\u00a0sulla distanza 70.3 del mezzo ironman, lo scorso anno ha messo in casella ben tre vittorie. Per lui il 2017 \u00a0\u00e8 un anno importante, tra attese e conferme. E si comincia da Vigevano, che forse non \u00a0\u00e8 un caso. \u00a0La Scarpa d&#8217;oro ha scritto la storia e ha \u00a0tenuto a battesimo i grandi dell&#8217;atletica. Magari vale anche per il triathlon&#8230;<\/p>\n<p><strong><i>\u00a0(Antonini Foto)<\/i><\/strong><\/p>\n","protected":false},"excerpt":{"rendered":"<p><p>Tanti anni fa si correva nel giorno di Pasquetta, sette chilometri per una gara internazionale nata con il Dna della classica. Sull\u2019asfalto di piazza del Bramante e poi sul selciato della piazza Ducale di Vigevano sono state scritte pagine di storia dell&#8217;atletica mondiale: \u00a0Coe,\u00a0Ovett,\u00a0Cova\u00a0,\u00a0De Castella,\u00a0Bordin, \u00a0Mei,\u00a0Tergat,\u00a0tanto per fare qualche nome.\u00a0E il fascino della Scarpa d&#8217;Oro\u00a0 rimane. Intatto negli anni per una gara che ha allungato le distanze fino alla mezza ed ha aggiunto due non competitive da 5 e 10 km com&#8217;\u00e8 giusto che sia perch\u00e8, al di l\u00e0 dei campioni, che si sfidano sui 21 della mezza, oggi c&#8217;\u00e8 [&hellip;]<\/p>\n&nbsp;&nbsp;<div class=\"readmore\"><a href=\"https:\/\/blog.ilgiornale.it\/ruzzo\/2017\/03\/07\/scarpa-doro-la-sfida-di-molinari\/\">Continua a leggere...<\/a><\/div><\/p>","protected":false},"author":956,"featured_media":0,"comment_status":"open","ping_status":"closed","sticky":false,"template":"","format":"standard","meta":[],"categories":[1],"tags":[11144,8656,6026],"_links":{"self":[{"href":"https:\/\/blog.ilgiornale.it\/ruzzo\/wp-json\/wp\/v2\/posts\/21508"}],"collection":[{"href":"https:\/\/blog.ilgiornale.it\/ruzzo\/wp-json\/wp\/v2\/posts"}],"about":[{"href":"https:\/\/blog.ilgiornale.it\/ruzzo\/wp-json\/wp\/v2\/types\/post"}],"author":[{"embeddable":true,"href":"https:\/\/blog.ilgiornale.it\/ruzzo\/wp-json\/wp\/v2\/users\/956"}],"replies":[{"embeddable":true,"href":"https:\/\/blog.ilgiornale.it\/ruzzo\/wp-json\/wp\/v2\/comments?post=21508"}],"version-history":[{"count":3,"href":"https:\/\/blog.ilgiornale.it\/ruzzo\/wp-json\/wp\/v2\/posts\/21508\/revisions"}],"predecessor-version":[{"id":21512,"href":"https:\/\/blog.ilgiornale.it\/ruzzo\/wp-json\/wp\/v2\/posts\/21508\/revisions\/21512"}],"wp:attachment":[{"href":"https:\/\/blog.ilgiornale.it\/ruzzo\/wp-json\/wp\/v2\/media?parent=21508"}],"wp:term":[{"taxonomy":"category","embeddable":true,"href":"https:\/\/blog.ilgiornale.it\/ruzzo\/wp-json\/wp\/v2\/categories?post=21508"},{"taxonomy":"post_tag","embeddable":true,"href":"https:\/\/blog.ilgiornale.it\/ruzzo\/wp-json\/wp\/v2\/tags?post=21508"}],"curies":[{"name":"wp","href":"https:\/\/api.w.org\/{rel}","templated":true}]}}