{"id":21520,"date":"2017-03-09T19:28:21","date_gmt":"2017-03-09T18:28:21","guid":{"rendered":"https:\/\/blog.ilgiornale.it\/ruzzo\/?p=21520"},"modified":"2017-03-09T19:28:30","modified_gmt":"2017-03-09T18:28:30","slug":"la-ginnastica-si-fa-in-tuta","status":"publish","type":"post","link":"https:\/\/blog.ilgiornale.it\/ruzzo\/2017\/03\/09\/la-ginnastica-si-fa-in-tuta\/","title":{"rendered":"La ginnastica si fa in tuta"},"content":{"rendered":"<p>La \u201cginnastica\u201d si fa con la tuta. E ci mancherebbe. \u00a0Gi\u00e0 l\u2019educazione fisica o motoria come si chiama oggi nelle scuole \u00e8 quello che \u00e8. Gi\u00e0 le ore di \u201cginnastica\u201d per tanti sono sempre state considerate un paio di ore di recupero, dove ripassare o farsi i fatti propri. Gi\u00e0 i prof di \u201cginnastica\u201d sono stati considerati da sempre parenti poveri, poverissimi, anzi neppure parenti di chi insegna latino o matematica e Pieraccioni ci ha fatto anche un film. Cos\u00ec adesso a mettere un puntino sulle \u201ci\u201d arriva una sentenza del Consiglio di Stato (\u00a0<em><strong><a href=\"http:\/\/www.tecnicadellascuola.it\/images\/cons-stato-540-17.pdf\" target=\"_blank\">n. 540 del 7 febbraio 2017<\/a><\/strong><\/em>,) che stabilisce che\u00a0gli studenti che si presentano a scuola durante l\u2019ora di educazione fisica senza un abbigliamento sportivo riceveranno l\u2019insufficienza nel voto finale di scienze motorie, compromettendo di fatto, l\u2019ammissione alla classe successiva. Insomma la ginnastica fa media. Che piaccia o no \u00e8 un bel passo avanti nel rispetto di una materia, che tale \u00e8 a tutti gli effetti, e serve pi\u00f9 che ad allenare gli studenti ad uno sport a formare una cultura sportiva che nel nostro Paese latita. La sentenza si riferisce ad una vicenda che ha avuto origine a Milano ed ha come protagonista un liceale milanese, bocciato inizialmente a causa delle troppe assenze. Il Tar, come riporta <i>Italia Oggi<\/i>, aveva sospeso il provvedimento ordinando alla scuola di svolgere le operazioni di scrutinio, al fine di verificare la situazione nel merito. Il liceo ribadiva il proprio \u00abno\u00bb perch\u00e9 l\u2019interessato non aveva raggiunto gli obiettivi minimi in molte materie tra cui \u00abscienze motorie\u00bb. Durante tutto l\u2019anno, si era spesso presentato all\u2019\u00abora di ginnastica\u00bb vestendo gli stessi abiti e le stesse scarpe coi cui entrava a scuola. Palazzo Spada ha dato ragione al Ministero dell\u2019istruzione: \u201cperch\u00e8 le ore di ginnastica, a scuola, non valgono tanto a conseguire giudizi di merito in ordine alle doti sportivo-atletiche di uno studente , quanto\u00a0a valutare il grado di capacit\u00e0 dell\u2019individuo-studente a comprendere e fare proprio il senso di disciplina che oggettivamente l\u2019attivit\u00e0 sportiva (per quanto minima, come pu\u00f2 essere quella pratica all\u2019interno di un plesso scolastico) implica sempre, nonch\u00e9 i principi e le regole basilari che sottostanno al nomen scienza motoria\u201d.<\/p>\n","protected":false},"excerpt":{"rendered":"<p><p>La \u201cginnastica\u201d si fa con la tuta. E ci mancherebbe. \u00a0Gi\u00e0 l\u2019educazione fisica o motoria come si chiama oggi nelle scuole \u00e8 quello che \u00e8. Gi\u00e0 le ore di \u201cginnastica\u201d per tanti sono sempre state considerate un paio di ore di recupero, dove ripassare o farsi i fatti propri. Gi\u00e0 i prof di \u201cginnastica\u201d sono stati considerati da sempre parenti poveri, poverissimi, anzi neppure parenti di chi insegna latino o matematica e Pieraccioni ci ha fatto anche un film. Cos\u00ec adesso a mettere un puntino sulle \u201ci\u201d arriva una sentenza del Consiglio di Stato (\u00a0n. 540 del 7 febbraio 2017,) [&hellip;]<\/p>\n&nbsp;&nbsp;<div class=\"readmore\"><a href=\"https:\/\/blog.ilgiornale.it\/ruzzo\/2017\/03\/09\/la-ginnastica-si-fa-in-tuta\/\">Continua a leggere...<\/a><\/div><\/p>","protected":false},"author":956,"featured_media":0,"comment_status":"open","ping_status":"closed","sticky":false,"template":"","format":"standard","meta":[],"categories":[1],"tags":[],"_links":{"self":[{"href":"https:\/\/blog.ilgiornale.it\/ruzzo\/wp-json\/wp\/v2\/posts\/21520"}],"collection":[{"href":"https:\/\/blog.ilgiornale.it\/ruzzo\/wp-json\/wp\/v2\/posts"}],"about":[{"href":"https:\/\/blog.ilgiornale.it\/ruzzo\/wp-json\/wp\/v2\/types\/post"}],"author":[{"embeddable":true,"href":"https:\/\/blog.ilgiornale.it\/ruzzo\/wp-json\/wp\/v2\/users\/956"}],"replies":[{"embeddable":true,"href":"https:\/\/blog.ilgiornale.it\/ruzzo\/wp-json\/wp\/v2\/comments?post=21520"}],"version-history":[{"count":2,"href":"https:\/\/blog.ilgiornale.it\/ruzzo\/wp-json\/wp\/v2\/posts\/21520\/revisions"}],"predecessor-version":[{"id":21522,"href":"https:\/\/blog.ilgiornale.it\/ruzzo\/wp-json\/wp\/v2\/posts\/21520\/revisions\/21522"}],"wp:attachment":[{"href":"https:\/\/blog.ilgiornale.it\/ruzzo\/wp-json\/wp\/v2\/media?parent=21520"}],"wp:term":[{"taxonomy":"category","embeddable":true,"href":"https:\/\/blog.ilgiornale.it\/ruzzo\/wp-json\/wp\/v2\/categories?post=21520"},{"taxonomy":"post_tag","embeddable":true,"href":"https:\/\/blog.ilgiornale.it\/ruzzo\/wp-json\/wp\/v2\/tags?post=21520"}],"curies":[{"name":"wp","href":"https:\/\/api.w.org\/{rel}","templated":true}]}}