{"id":21587,"date":"2017-03-19T21:20:05","date_gmt":"2017-03-19T20:20:05","guid":{"rendered":"https:\/\/blog.ilgiornale.it\/ruzzo\/?p=21587"},"modified":"2017-03-19T21:25:48","modified_gmt":"2017-03-19T20:25:48","slug":"storie-di-stramilano","status":"publish","type":"post","link":"https:\/\/blog.ilgiornale.it\/ruzzo\/2017\/03\/19\/storie-di-stramilano\/","title":{"rendered":"Storie di Stramilano"},"content":{"rendered":"<p><a href=\"https:\/\/blog.ilgiornale.it\/ruzzo\/files\/2017\/03\/Partenza-della-Stramilano.jpg\"><img loading=\"lazy\" class=\"alignleft size-medium wp-image-21588\" src=\"https:\/\/blog.ilgiornale.it\/ruzzo\/files\/2017\/03\/Partenza-della-Stramilano-300x225.jpg\" alt=\"Partenza della Stramilano dei 50mila da Piazza Duomo\" width=\"300\" height=\"225\" srcset=\"https:\/\/blog.ilgiornale.it\/ruzzo\/files\/2017\/03\/Partenza-della-Stramilano-300x225.jpg 300w, https:\/\/blog.ilgiornale.it\/ruzzo\/files\/2017\/03\/Partenza-della-Stramilano-1024x768.jpg 1024w, https:\/\/blog.ilgiornale.it\/ruzzo\/files\/2017\/03\/Partenza-della-Stramilano.jpg 1650w\" sizes=\"(max-width: 300px) 100vw, 300px\" \/><\/a>La Stramilano \u00e8 il contenitore perfetto per raccontare tante storie non solo di sport. Da mezzo secolo tradizione di una citt\u00e0 che \u00e8 cambiata e che questa corsa pu\u00f2 testimoniare con una galleria infinita di immagini. Con i suoi riti, la sua passione, la sua gente che invade piazza Duomo e poi arriva all\u2019Arena. Come una volta, come sempre, come negli anni che verranno, perch\u00e8 la Stramilano ha qualcosa in pi\u00f9 delle tante corse che ogni domenica si corrono in citt\u00e0 e fanno \u00abarrabbiare\u00bb chi resta intrappolato tra vigili e transenne. Sono i cinquantamila, una macchia impressionante che riempie piazza Duomo, ma sono anche i 7mila agonisti che dal Castello, qualche ora dopo si misurano sui 21 chilometri di una mezza maratona che ha scritto pagine storiche dell\u2019atleica, che ha visto trionfare grandi campioni, firmare i record del mondo. Ieri, come capita ormai da parecchi anni, c\u2019\u00e8 stata una doppietta keniana con il successo di <strong>Fredrick Moranga<\/strong> tra gli uomini <strong>Ruth Chepngetich<\/strong> tra le donne. Ma questa \u00e8 cronaca. Ci\u00f2 che rimane della 46ma Stramilano sono una serie di istantanee che restano in archivio. Il volto di <strong>Mirco Barbavara<\/strong> che ha corso tutte le edizioni dal 1972; la sfida di <strong>Costantin Bostan,<\/strong> atleta paralimpico con le nuove protesi regalategli dall&#8217;associazione di <strong>Giusy Versace<\/strong>, l\u2019applauso dedicato a <strong>Fabio Cappello<\/strong>, il giovane runner morto in gara nell&#8217;edizione scorsa. Al via c\u2019era suo fratello <strong>Fabio:<\/strong> \u00ab Gli ho trasmesso io la passione per questo sport. L&#8217;anno scorso avremmo dovuto correre insieme poi io ho avuto un impedimento e non sono venuto&#8230; Vi prometto che ad ogni edizione della Stramilano sar\u00f2 sulla linea di partenza a spingere fino al traguardo. Come ha fatto Fabio&#8230;\u00bb<\/p>\n","protected":false},"excerpt":{"rendered":"<p><p>La Stramilano \u00e8 il contenitore perfetto per raccontare tante storie non solo di sport. Da mezzo secolo tradizione di una citt\u00e0 che \u00e8 cambiata e che questa corsa pu\u00f2 testimoniare con una galleria infinita di immagini. Con i suoi riti, la sua passione, la sua gente che invade piazza Duomo e poi arriva all\u2019Arena. Come una volta, come sempre, come negli anni che verranno, perch\u00e8 la Stramilano ha qualcosa in pi\u00f9 delle tante corse che ogni domenica si corrono in citt\u00e0 e fanno \u00abarrabbiare\u00bb chi resta intrappolato tra vigili e transenne. Sono i cinquantamila, una macchia impressionante che riempie piazza [&hellip;]<\/p>\n&nbsp;&nbsp;<div class=\"readmore\"><a href=\"https:\/\/blog.ilgiornale.it\/ruzzo\/2017\/03\/19\/storie-di-stramilano\/\">Continua a leggere...<\/a><\/div><\/p>","protected":false},"author":956,"featured_media":0,"comment_status":"open","ping_status":"closed","sticky":false,"template":"","format":"standard","meta":[],"categories":[1],"tags":[],"_links":{"self":[{"href":"https:\/\/blog.ilgiornale.it\/ruzzo\/wp-json\/wp\/v2\/posts\/21587"}],"collection":[{"href":"https:\/\/blog.ilgiornale.it\/ruzzo\/wp-json\/wp\/v2\/posts"}],"about":[{"href":"https:\/\/blog.ilgiornale.it\/ruzzo\/wp-json\/wp\/v2\/types\/post"}],"author":[{"embeddable":true,"href":"https:\/\/blog.ilgiornale.it\/ruzzo\/wp-json\/wp\/v2\/users\/956"}],"replies":[{"embeddable":true,"href":"https:\/\/blog.ilgiornale.it\/ruzzo\/wp-json\/wp\/v2\/comments?post=21587"}],"version-history":[{"count":3,"href":"https:\/\/blog.ilgiornale.it\/ruzzo\/wp-json\/wp\/v2\/posts\/21587\/revisions"}],"predecessor-version":[{"id":21591,"href":"https:\/\/blog.ilgiornale.it\/ruzzo\/wp-json\/wp\/v2\/posts\/21587\/revisions\/21591"}],"wp:attachment":[{"href":"https:\/\/blog.ilgiornale.it\/ruzzo\/wp-json\/wp\/v2\/media?parent=21587"}],"wp:term":[{"taxonomy":"category","embeddable":true,"href":"https:\/\/blog.ilgiornale.it\/ruzzo\/wp-json\/wp\/v2\/categories?post=21587"},{"taxonomy":"post_tag","embeddable":true,"href":"https:\/\/blog.ilgiornale.it\/ruzzo\/wp-json\/wp\/v2\/tags?post=21587"}],"curies":[{"name":"wp","href":"https:\/\/api.w.org\/{rel}","templated":true}]}}