{"id":21617,"date":"2017-03-25T08:52:20","date_gmt":"2017-03-25T07:52:20","guid":{"rendered":"https:\/\/blog.ilgiornale.it\/ruzzo\/?p=21617"},"modified":"2017-03-25T08:52:20","modified_gmt":"2017-03-25T07:52:20","slug":"milano-fa-scappare-lo-sport","status":"publish","type":"post","link":"https:\/\/blog.ilgiornale.it\/ruzzo\/2017\/03\/25\/milano-fa-scappare-lo-sport\/","title":{"rendered":"Milano fa scappare lo sport"},"content":{"rendered":"<p><a href=\"https:\/\/blog.ilgiornale.it\/ruzzo\/files\/2017\/03\/mtb.jpg\"><img loading=\"lazy\" class=\"alignleft size-medium wp-image-21618\" src=\"https:\/\/blog.ilgiornale.it\/ruzzo\/files\/2017\/03\/mtb-225x300.jpg\" alt=\"mtb\" width=\"225\" height=\"300\" srcset=\"https:\/\/blog.ilgiornale.it\/ruzzo\/files\/2017\/03\/mtb-225x300.jpg 225w, https:\/\/blog.ilgiornale.it\/ruzzo\/files\/2017\/03\/mtb.jpg 480w\" sizes=\"(max-width: 225px) 100vw, 225px\" \/><\/a>Bici in fuga. Le mountainbike, dopo il successo dei campionati internazionali che hanno portato pi\u00f9 di 10 mila spettatori sulle rampe della Montagnetta poche settimane fa, salutano una citt\u00e0 che gli ha messo i chiodi sotto le gomme. Via da Milano che con lo sport non ha mai avuto un rapporto idilliaco. E basta ricordare gli insulti e le uova lanciate delle finestre ai maratoneti qualche anno fa sui viali della circolazione, le polemiche per la coppa del mondo di sci di fondo al parco Sempione con la neve \u00abcolpevole\u00bb di rovinare il verde, le proteste per la crono finale di un Giro d\u2019Italia che bloccava per una domenica pomeriggio il centro cittadino, i furti di bici pochi giorni fa ai team della Milano- Sanremo. Esempi che rendono l\u2019idea. E a cui si aggiunge purtroppo questo del <strong>Monte Stella, <\/strong>la settimana scorsa,\u00a0 quando per dare il \u00abbenvenuto\u00bb ai biker e ad un evento che evidentemente a qualcuno non piaceva, sono stati lanciati chiodi e bulloni taglienti sul percorso che hanno messo a repentaglio la sicurezza degli atleti e la regolarit\u00e0 delle gare. Non solo. Numerosi sono stati, infatti, i furti e gli scassi che hanno provocato gravi danni a team, atleti, spettatori e addetti ai lavori nelle due giornate di gare. Pochi giorni sono passati ed \u00e8 arrivata la risposta degli organizzatori del circuito,<strong> CM Outdoor Events:<\/strong> \u00abE\u2019 avvilente vedere il tanto lavoro profuso per questa tappa svilito da gesti criminali \u2013 spiega<strong> Michele Mondini<\/strong> di CM Outdoor Events, &#8211; Credo che in soli due anni la mountainbike alla Montagnetta abbia saputo affermarsi fra gli appuntamenti pi\u00f9 attesi della stagione, anche grazie al contesto cittadino che rende questa gara unica nel suo genere. Ma i grandi eventi funzionano se c\u2019\u00e8 l\u2019impegno di tutti, organizzatori e istituzioni, per garantirne non solo la buona riuscita, ma anche la piena tutela. Purtroppo cos\u00ec non \u00e8 stato\u00bb. Inevitabile, quindi, da parte del primo circuito italiano del settore fuoristrada, pensare ad una fuga. \u00abCome <strong>Internazionali d\u2019Italia Series,<\/strong> non possiamo n\u00e9 vogliamo tollerare quello che \u00e8 accaduto a Milano \u2013 aggiunge <strong>Luca Carton<\/strong> di CM Outdoor Events- Abbandonare la citt\u00e0 sarebbe una scelta dolorosa ma, quantomeno ad oggi, non esistono le condizioni necessarie perch\u00e9 un evento di Internazionali d\u2019Italia Series possa tenersi alla Montagnetta. A meno che queste condizioni non vengano garantite in tempi e modi adeguati, nel 2018 il circuito non torner\u00e0 al Parco Monte Stella\u00bb. Arrivederci e grazie quindi. Ovvio, non \u00e8 una tragedia ma non \u00e8 neppure un bel segnale per una citt\u00e0 che pensa in grande e che, se tanto si spende per organizzare una finale di Champions al Meazza, altrettanto dovrebbe fare per altri sport che portano sponsor e pubblico ma non le \u00abgrane\u00bb di tifoserie e ultr\u00e0 che devono essere tenute a bada da carabinieri e reparti mobili della Polizia di Stato. Nel frattempo, il circuito si prepara alla terza tappa di questa edizione, il Trofeo Delcar a Montichiari di Domenica 2 Aprile: <strong>Marco Aurelio Fontana<\/strong> e <strong>Serena Calvetti<\/strong> tenteranno di difendere il primato in classifica nell\u2019unica prova italiana di categoria HC, che ancora una volta vedr\u00e0 alla partenza grandissimi nomi del pianeta MTB, a cominciare dal due volte campione olimpico<strong> Julien Absalon.<\/strong><\/p>\n","protected":false},"excerpt":{"rendered":"<p><p>Bici in fuga. Le mountainbike, dopo il successo dei campionati internazionali che hanno portato pi\u00f9 di 10 mila spettatori sulle rampe della Montagnetta poche settimane fa, salutano una citt\u00e0 che gli ha messo i chiodi sotto le gomme. Via da Milano che con lo sport non ha mai avuto un rapporto idilliaco. E basta ricordare gli insulti e le uova lanciate delle finestre ai maratoneti qualche anno fa sui viali della circolazione, le polemiche per la coppa del mondo di sci di fondo al parco Sempione con la neve \u00abcolpevole\u00bb di rovinare il verde, le proteste per la crono finale [&hellip;]<\/p>\n&nbsp;&nbsp;<div class=\"readmore\"><a href=\"https:\/\/blog.ilgiornale.it\/ruzzo\/2017\/03\/25\/milano-fa-scappare-lo-sport\/\">Continua a leggere...<\/a><\/div><\/p>","protected":false},"author":956,"featured_media":0,"comment_status":"open","ping_status":"closed","sticky":false,"template":"","format":"standard","meta":[],"categories":[1],"tags":[],"_links":{"self":[{"href":"https:\/\/blog.ilgiornale.it\/ruzzo\/wp-json\/wp\/v2\/posts\/21617"}],"collection":[{"href":"https:\/\/blog.ilgiornale.it\/ruzzo\/wp-json\/wp\/v2\/posts"}],"about":[{"href":"https:\/\/blog.ilgiornale.it\/ruzzo\/wp-json\/wp\/v2\/types\/post"}],"author":[{"embeddable":true,"href":"https:\/\/blog.ilgiornale.it\/ruzzo\/wp-json\/wp\/v2\/users\/956"}],"replies":[{"embeddable":true,"href":"https:\/\/blog.ilgiornale.it\/ruzzo\/wp-json\/wp\/v2\/comments?post=21617"}],"version-history":[{"count":1,"href":"https:\/\/blog.ilgiornale.it\/ruzzo\/wp-json\/wp\/v2\/posts\/21617\/revisions"}],"predecessor-version":[{"id":21619,"href":"https:\/\/blog.ilgiornale.it\/ruzzo\/wp-json\/wp\/v2\/posts\/21617\/revisions\/21619"}],"wp:attachment":[{"href":"https:\/\/blog.ilgiornale.it\/ruzzo\/wp-json\/wp\/v2\/media?parent=21617"}],"wp:term":[{"taxonomy":"category","embeddable":true,"href":"https:\/\/blog.ilgiornale.it\/ruzzo\/wp-json\/wp\/v2\/categories?post=21617"},{"taxonomy":"post_tag","embeddable":true,"href":"https:\/\/blog.ilgiornale.it\/ruzzo\/wp-json\/wp\/v2\/tags?post=21617"}],"curies":[{"name":"wp","href":"https:\/\/api.w.org\/{rel}","templated":true}]}}