{"id":21620,"date":"2017-03-27T22:05:43","date_gmt":"2017-03-27T20:05:43","guid":{"rendered":"https:\/\/blog.ilgiornale.it\/ruzzo\/?p=21620"},"modified":"2017-03-27T22:05:43","modified_gmt":"2017-03-27T20:05:43","slug":"squinzi-il-ciclismo-se-sgonfiato","status":"publish","type":"post","link":"https:\/\/blog.ilgiornale.it\/ruzzo\/2017\/03\/27\/squinzi-il-ciclismo-se-sgonfiato\/","title":{"rendered":"Squinzi, il ciclismo s&#8217;\u00e8  &#8220;sgonfiato&#8221;"},"content":{"rendered":"<p><a href=\"https:\/\/blog.ilgiornale.it\/ruzzo\/files\/2017\/03\/o-SQUINZI-facebook.jpg\"><img loading=\"lazy\" class=\"alignleft size-medium wp-image-21628\" src=\"https:\/\/blog.ilgiornale.it\/ruzzo\/files\/2017\/03\/o-SQUINZI-facebook-300x201.jpg\" alt=\"Relazione annuale Federprogetti\" width=\"300\" height=\"201\" srcset=\"https:\/\/blog.ilgiornale.it\/ruzzo\/files\/2017\/03\/o-SQUINZI-facebook-300x201.jpg 300w, https:\/\/blog.ilgiornale.it\/ruzzo\/files\/2017\/03\/o-SQUINZI-facebook-1024x685.jpg 1024w, https:\/\/blog.ilgiornale.it\/ruzzo\/files\/2017\/03\/o-SQUINZI-facebook.jpg 1536w\" sizes=\"(max-width: 300px) 100vw, 300px\" \/><\/a>Non ci sono squadre italiane alla settantaduesima edizione della <strong>Vuelta di Spagna<\/strong> e non ce ne saranno al prossimo<strong> Giro d&#8217;Italia<\/strong> del centenario. \u00a0Che \u00e8 un po&#8217; pi\u00f9 grave. \u00a0Ma ormai va cos\u00ec. Che fine ha fatto il ciclismo italiano? Che fine hanno fatto la nostra storia, i nostri colori, i nostri campioni? C&#8217;era una volta il ciclismo eroico. Le salite, la folla, i tornanti dove i tifosi si spingevano e spingevano. Oggi si sprinta su traguardi solitari, su strade deserte, tra tormente di sabbia. Ma il business \u00e8 l\u00ec, quindi \u00a0l\u00ec si va, l\u00ec si pedala. E si fa finta che sia la stessa cosa, che ci sia la stessa passione, che non sia successo nulla. Ma cos\u00ec non \u00e8. E basta sentire pochi giorni fa la voce di <strong>Giorgio Squinzi<\/strong> a <strong>&#8220;Tutti convocati&#8221;<\/strong> su <strong>Radio 24<\/strong> per rendersi conto che il ciclismo quando c&#8217;era lui (Squinzi) era forse un&#8217;altra cosa: &#8220;In Italia il ciclismo si \u00e8 sgonfiato, perch\u00e9 sono venuti a mancare i grandi sponsor e questo ha avuto un impatto diretto &#8211; ha ricordato l&#8217;ex presidente di Confindustria<strong>&#8211;\u00a0<\/strong>C&#8217;\u00e8 anche un problema di credibilit\u00e0 che viene da lontano perch\u00e8 il sistema del d<span style=\"color: #000000\">oping<\/span> ha tolto credibilit\u00e0 al ciclismo in generale, \u00e8 un fattore che non va dimenticato. \u00a0La situazione economica in Italia \u00e8 quella che \u00e8, e quindi \u00e8 molto pi\u00f9 difficile trovare degli sponsor che possano investire somme importanti. Non dimentichiamo che oggi per fare una squadra di primo livello servono dai 20 ai 30 milioni di euro. E non sono cifre irrilevanti&#8230;&#8221;. \u00a0Tanto per esser chiari. D&#8217;accordo il Sassuolo ma il ciclismo per <strong>Giorgio Squinzi,<\/strong> resta il ciclismo. \u00a0Passione e nostalgia, \u00a0ricordi e occhi lucidi. Un mese fa, sul palco del teatro Dal Verme dove gli avevano consegnato il <strong>premio Brera<\/strong> lo aveva ricordato ancora una volta: &#8220;Il calcio e il Sassuolo per noi sono una sfida entusiasmante ma il ciclismo e le pagine che abbiamo scritto in nove anni con la<strong> Mapei<\/strong> restano una storia che non si cancella pi\u00f9&#8230;&#8221; La storia di una squadra che ha vinto tutto ci\u00f2 che si poteva vincere, che scritto sul pav\u00e8 del Nord un pezzo del mito di uno sport che da quelle parti \u00e8 pi\u00f9 che una religione, che ha provato a giocar pulito. La squadra di <strong>Tony Rominger, Paolo Bettini, Andrea Tafi<\/strong>. La squadra di\u00a0<strong>Franco Ballerini.<\/strong> Ora per\u00f2 quella stagione \u00e8 finita. \u00a0Un punto a capo sulle vicende di un mondo che ha preso altre strade, altri palcoscenici, altri traguardi. \u00a0 Un&#8217;Italia a pedali che andrebbe difesa. Come fanno i francesi che al Tour guai a toccarle le squadre francesi. Guai a cambiarle strade e arrivi. Guai a dimenticarli \u00a0riti e tradizioni. I libri di storia, Dumas, Maigret, le note della Marsigliese: tutto sacro. Che non si acquista e non si vende perch\u00e8 sono secoli di eredit\u00e0 di cui andar fieri e farsi vanto. \u00a0Altrimenti finisce tutto come sta finendo. Che c&#8217;era una volta il ciclismo italiano e non si sa pi\u00f9 dove andare a cercarlo&#8230;<\/p>\n","protected":false},"excerpt":{"rendered":"<p><p>Non ci sono squadre italiane alla settantaduesima edizione della Vuelta di Spagna e non ce ne saranno al prossimo Giro d&#8217;Italia del centenario. \u00a0Che \u00e8 un po&#8217; pi\u00f9 grave. \u00a0Ma ormai va cos\u00ec. Che fine ha fatto il ciclismo italiano? Che fine hanno fatto la nostra storia, i nostri colori, i nostri campioni? C&#8217;era una volta il ciclismo eroico. Le salite, la folla, i tornanti dove i tifosi si spingevano e spingevano. Oggi si sprinta su traguardi solitari, su strade deserte, tra tormente di sabbia. Ma il business \u00e8 l\u00ec, quindi \u00a0l\u00ec si va, l\u00ec si pedala. E si fa [&hellip;]<\/p>\n&nbsp;&nbsp;<div class=\"readmore\"><a href=\"https:\/\/blog.ilgiornale.it\/ruzzo\/2017\/03\/27\/squinzi-il-ciclismo-se-sgonfiato\/\">Continua a leggere...<\/a><\/div><\/p>","protected":false},"author":956,"featured_media":0,"comment_status":"open","ping_status":"closed","sticky":false,"template":"","format":"standard","meta":[],"categories":[1],"tags":[11789,11280,922,215949],"_links":{"self":[{"href":"https:\/\/blog.ilgiornale.it\/ruzzo\/wp-json\/wp\/v2\/posts\/21620"}],"collection":[{"href":"https:\/\/blog.ilgiornale.it\/ruzzo\/wp-json\/wp\/v2\/posts"}],"about":[{"href":"https:\/\/blog.ilgiornale.it\/ruzzo\/wp-json\/wp\/v2\/types\/post"}],"author":[{"embeddable":true,"href":"https:\/\/blog.ilgiornale.it\/ruzzo\/wp-json\/wp\/v2\/users\/956"}],"replies":[{"embeddable":true,"href":"https:\/\/blog.ilgiornale.it\/ruzzo\/wp-json\/wp\/v2\/comments?post=21620"}],"version-history":[{"count":2,"href":"https:\/\/blog.ilgiornale.it\/ruzzo\/wp-json\/wp\/v2\/posts\/21620\/revisions"}],"predecessor-version":[{"id":21629,"href":"https:\/\/blog.ilgiornale.it\/ruzzo\/wp-json\/wp\/v2\/posts\/21620\/revisions\/21629"}],"wp:attachment":[{"href":"https:\/\/blog.ilgiornale.it\/ruzzo\/wp-json\/wp\/v2\/media?parent=21620"}],"wp:term":[{"taxonomy":"category","embeddable":true,"href":"https:\/\/blog.ilgiornale.it\/ruzzo\/wp-json\/wp\/v2\/categories?post=21620"},{"taxonomy":"post_tag","embeddable":true,"href":"https:\/\/blog.ilgiornale.it\/ruzzo\/wp-json\/wp\/v2\/tags?post=21620"}],"curies":[{"name":"wp","href":"https:\/\/api.w.org\/{rel}","templated":true}]}}