{"id":22050,"date":"2017-06-03T14:58:06","date_gmt":"2017-06-03T12:58:06","guid":{"rendered":"https:\/\/blog.ilgiornale.it\/ruzzo\/?p=22050"},"modified":"2017-06-03T15:02:34","modified_gmt":"2017-06-03T13:02:34","slug":"monza-in-pista-pronti-a-sognare","status":"publish","type":"post","link":"https:\/\/blog.ilgiornale.it\/ruzzo\/2017\/06\/03\/monza-in-pista-pronti-a-sognare\/","title":{"rendered":"Monza, in pista pronti a sognare"},"content":{"rendered":"<p>[youtube WnUKiAzPLks]<\/p>\n<p>L&#8217;anno scorso pioveva, questa notte sar\u00e0 pi\u00f9 clemente. Dolce come sanno essere solo le notti d&#8217;estate, notturni dall&#8217;andamento lento a volte andante, dense di profumi e di fatica. Dodici ore sulla pista di Monza. Dodici ore a girare in tondo, a contare i giri, ad aspettare un cambio, un caff\u00e8 caldo, una brioche o un massaggio. A fare i conti con i propri pensieri aspettando una scia oppure facendo tutto da s\u00e8. Perch\u00e8 arriva sempre in bici il momento delle scelte. Scegliere se stare in gruppo, veloci e protetti oppure sfidare l&#8217;aria, il vento in faccia, perdersi nel buio di un asfalto nero che di notte nasconde i segni dei pneumatici delle auto ma anche qualche insidia. Dodici ore di Monza e fanno tre. Tre edizioni di una gara che qualcuno corre per vincere tanti, la maggiorparte, per regalarsi una notte dove si parte da ciclisti e si arriva da eroi, comunque vada. Con quel pizzico di retorica che non guasta, anzi serve per raccontare una sfida che non \u00e8 di tutti i giorni, che \u00e8 un po&#8217; magica, che serve a rinserrare i ranghi, a rinsaldare amicizie, a regalarsi un&#8217;emozione \u00a0nel <em>tran tran<\/em> di una vita di chilometri, di allenamenti, di gare tutte uguali, Dodici ore in pista sono la voglia di esserci. La voglia di partecipare, di tuffarsi in un gruppo che nasconde tutte le anime di uno sport che ognuno interpreta seguendo la traccia dei propri cromosomi. Veloci, fissati, depilati, competitivi e impallinati ma anche lenti, resistenti, pazienti e un po&#8217; improvvisati. C&#8217;\u00e8 posto per tutti e c&#8217;\u00e8 un traguardo per tutti. C&#8217;\u00e8 un&#8217;impresa da portare al traguardo al di l\u00e0 dei tempi e delle medie. Basta andarsela a cercare. Basta immaginarla o anche sognarla. Come scrive <strong>Remo Sacchi<\/strong>\u00a0, \u00a0un pezzo di storia nel nuoto di sempre, nel libro uscito in questi giorni che racconta i 40 anni della DDs di Settimo Milanese &#8220;Non sopporto chi non sogna&#8230;&#8221;. E a Monza il sogno \u00e8 a portata di mano. Basta scendere in pista e cominciare a pedalare&#8230;<\/p>\n","protected":false},"excerpt":{"rendered":"<p><p>[youtube WnUKiAzPLks] L&#8217;anno scorso pioveva, questa notte sar\u00e0 pi\u00f9 clemente. Dolce come sanno essere solo le notti d&#8217;estate, notturni dall&#8217;andamento lento a volte andante, dense di profumi e di fatica. Dodici ore sulla pista di Monza. Dodici ore a girare in tondo, a contare i giri, ad aspettare un cambio, un caff\u00e8 caldo, una brioche o un massaggio. A fare i conti con i propri pensieri aspettando una scia oppure facendo tutto da s\u00e8. Perch\u00e8 arriva sempre in bici il momento delle scelte. Scegliere se stare in gruppo, veloci e protetti oppure sfidare l&#8217;aria, il vento in faccia, perdersi nel [&hellip;]<\/p>\n&nbsp;&nbsp;<div class=\"readmore\"><a href=\"https:\/\/blog.ilgiornale.it\/ruzzo\/2017\/06\/03\/monza-in-pista-pronti-a-sognare\/\">Continua a leggere...<\/a><\/div><\/p>","protected":false},"author":956,"featured_media":0,"comment_status":"open","ping_status":"closed","sticky":false,"template":"","format":"standard","meta":[],"categories":[1],"tags":[215891,58804,216000],"_links":{"self":[{"href":"https:\/\/blog.ilgiornale.it\/ruzzo\/wp-json\/wp\/v2\/posts\/22050"}],"collection":[{"href":"https:\/\/blog.ilgiornale.it\/ruzzo\/wp-json\/wp\/v2\/posts"}],"about":[{"href":"https:\/\/blog.ilgiornale.it\/ruzzo\/wp-json\/wp\/v2\/types\/post"}],"author":[{"embeddable":true,"href":"https:\/\/blog.ilgiornale.it\/ruzzo\/wp-json\/wp\/v2\/users\/956"}],"replies":[{"embeddable":true,"href":"https:\/\/blog.ilgiornale.it\/ruzzo\/wp-json\/wp\/v2\/comments?post=22050"}],"version-history":[{"count":3,"href":"https:\/\/blog.ilgiornale.it\/ruzzo\/wp-json\/wp\/v2\/posts\/22050\/revisions"}],"predecessor-version":[{"id":22053,"href":"https:\/\/blog.ilgiornale.it\/ruzzo\/wp-json\/wp\/v2\/posts\/22050\/revisions\/22053"}],"wp:attachment":[{"href":"https:\/\/blog.ilgiornale.it\/ruzzo\/wp-json\/wp\/v2\/media?parent=22050"}],"wp:term":[{"taxonomy":"category","embeddable":true,"href":"https:\/\/blog.ilgiornale.it\/ruzzo\/wp-json\/wp\/v2\/categories?post=22050"},{"taxonomy":"post_tag","embeddable":true,"href":"https:\/\/blog.ilgiornale.it\/ruzzo\/wp-json\/wp\/v2\/tags?post=22050"}],"curies":[{"name":"wp","href":"https:\/\/api.w.org\/{rel}","templated":true}]}}