{"id":22072,"date":"2017-06-05T21:04:48","date_gmt":"2017-06-05T19:04:48","guid":{"rendered":"https:\/\/blog.ilgiornale.it\/ruzzo\/?p=22072"},"modified":"2017-06-05T21:07:48","modified_gmt":"2017-06-05T19:07:48","slug":"tom-profeta-in-patria","status":"publish","type":"post","link":"https:\/\/blog.ilgiornale.it\/ruzzo\/2017\/06\/05\/tom-profeta-in-patria\/","title":{"rendered":"Tom, profeta in patria"},"content":{"rendered":"<p>[youtube hg0pXsoiihs]<\/p>\n<p>Nessuno \u00e8 profeta in patria. Da noi va cos\u00ec. Non in Olanda a Maastricht terra di trattati europei e d&#8217;ora in avanti terra di ciclisti. Terra di campioni. \u00a0Terra dove \u00e8 nato Tom Dumoulin, \u00a0l&#8217;olandese che ha dominato l&#8217;ultimo Giro d&#8217;Italia e che pochi giorni fa \u00e8 stato salutato dai suoi concittadini come un eroe nazionale. Altri onori. Altra cultura sportiva che non disconosce il calcio per carit\u00e0, perch\u00e8 i tulipani anche dando calci a un pallone hanno fatto storia: non solo Johan Cruiff ma tutta quella squadra mostruosa che con\u00a0\u00a0Krol, Haan, Keizer, Suurbier, Neeskens e Rep insegn\u00f2 al mondo il calcio totale. Ma vale anche il ciclismo. Valgono probabilmente tutti gli sport. Cos\u00ec Tom Dumoulin che veste di rosa \u00e8 l&#8217;occasione per rendere onore ad un atleta che ha scritto una grande pagina di sport. Titoli e applausi come \u00e8 giusto che sia. Come dovrebbe essere quando un campione colpisce al cuore i tifosi. Come quando Vincenzo Nibali vinse il Tour, che non succedeva da una vita e che, con tutto il rispetto che si deve al Giro, resta uno dei cinque eventi sportivi pi\u00f9 importanti al mondo. Ma allora da noi non si riempirono le piazze. E si fece fatica anche \u00a0a trovare titoli di apertura sui giornali sportivi. Era luglio, c&#8217;era il calcio mercato. Vuoi mettere&#8230;<\/p>\n","protected":false},"excerpt":{"rendered":"<p><p>[youtube hg0pXsoiihs] Nessuno \u00e8 profeta in patria. Da noi va cos\u00ec. Non in Olanda a Maastricht terra di trattati europei e d&#8217;ora in avanti terra di ciclisti. Terra di campioni. \u00a0Terra dove \u00e8 nato Tom Dumoulin, \u00a0l&#8217;olandese che ha dominato l&#8217;ultimo Giro d&#8217;Italia e che pochi giorni fa \u00e8 stato salutato dai suoi concittadini come un eroe nazionale. Altri onori. Altra cultura sportiva che non disconosce il calcio per carit\u00e0, perch\u00e8 i tulipani anche dando calci a un pallone hanno fatto storia: non solo Johan Cruiff ma tutta quella squadra mostruosa che con\u00a0\u00a0Krol, Haan, Keizer, Suurbier, Neeskens e Rep insegn\u00f2 [&hellip;]<\/p>\n&nbsp;&nbsp;<div class=\"readmore\"><a href=\"https:\/\/blog.ilgiornale.it\/ruzzo\/2017\/06\/05\/tom-profeta-in-patria\/\">Continua a leggere...<\/a><\/div><\/p>","protected":false},"author":956,"featured_media":0,"comment_status":"open","ping_status":"closed","sticky":false,"template":"","format":"standard","meta":[],"categories":[1],"tags":[],"_links":{"self":[{"href":"https:\/\/blog.ilgiornale.it\/ruzzo\/wp-json\/wp\/v2\/posts\/22072"}],"collection":[{"href":"https:\/\/blog.ilgiornale.it\/ruzzo\/wp-json\/wp\/v2\/posts"}],"about":[{"href":"https:\/\/blog.ilgiornale.it\/ruzzo\/wp-json\/wp\/v2\/types\/post"}],"author":[{"embeddable":true,"href":"https:\/\/blog.ilgiornale.it\/ruzzo\/wp-json\/wp\/v2\/users\/956"}],"replies":[{"embeddable":true,"href":"https:\/\/blog.ilgiornale.it\/ruzzo\/wp-json\/wp\/v2\/comments?post=22072"}],"version-history":[{"count":4,"href":"https:\/\/blog.ilgiornale.it\/ruzzo\/wp-json\/wp\/v2\/posts\/22072\/revisions"}],"predecessor-version":[{"id":22076,"href":"https:\/\/blog.ilgiornale.it\/ruzzo\/wp-json\/wp\/v2\/posts\/22072\/revisions\/22076"}],"wp:attachment":[{"href":"https:\/\/blog.ilgiornale.it\/ruzzo\/wp-json\/wp\/v2\/media?parent=22072"}],"wp:term":[{"taxonomy":"category","embeddable":true,"href":"https:\/\/blog.ilgiornale.it\/ruzzo\/wp-json\/wp\/v2\/categories?post=22072"},{"taxonomy":"post_tag","embeddable":true,"href":"https:\/\/blog.ilgiornale.it\/ruzzo\/wp-json\/wp\/v2\/tags?post=22072"}],"curies":[{"name":"wp","href":"https:\/\/api.w.org\/{rel}","templated":true}]}}